{"id":55353,"date":"2024-11-06T14:45:55","date_gmt":"2024-11-06T14:45:55","guid":{"rendered":"https:\/\/tvbrazilusa.com\/2024\/11\/06\/lula-parabeniza-trump-veja\/"},"modified":"2024-11-06T14:45:56","modified_gmt":"2024-11-06T14:45:56","slug":"lula-parabeniza-trump-veja","status":"publish","type":"post","link":"https:\/\/tvbrazilusa.com\/pt\/2024\/11\/06\/lula-parabeniza-trump-veja\/","title":{"rendered":"Lula parabeniza Trump; VEJA"},"content":{"rendered":"<p> <script async src=\"https:\/\/pagead2.googlesyndication.com\/pagead\/js\/adsbygoogle.js?client=ca-pub-8864793242727901\"\r\n     crossorigin=\"anonymous\"><\/script><br \/>\n<\/p>\n<div id=\"taboola-read-more\" style=\"display:block; width:100%\">\n<p>O presidente Lula parabenizou na manh\u00e3 desta quarta-feira, 6, Donald Trump pela elei\u00e7\u00e3o para um segundo mandato na Casa Branca.\n<\/p>\n<p>\u201cMeus parab\u00e9ns ao presidente Donald Trump pela vit\u00f3ria eleitoral e retorno \u00e0 presid\u00eancia dos Estados Unidos. A democracia \u00e9 a voz do povo e ela deve ser sempre respeitada. O mundo precisa de di\u00e1logo e trabalho conjunto para termos mais paz, desenvolvimento e prosperidade. Desejo sorte e sucesso ao novo governo\u201d, diz a mensagem publicada no perfil de X do petista.<\/p>\n<p>A mensagem cumpre o protocolo, como fizeram diversos chefes de Estado mundo afora, mas contrasta com a declara\u00e7\u00e3o dada pelo presidente brasileiro h\u00e1 apenas cinco dias.\n<\/p>\n<p><strong>A democracia<\/strong><br \/>Lula disse na sexta-feira, 1\u00ba, que uma vit\u00f3ria da candidata democrata Kamala Harris contra Trump seria \u201cmuito mais seguro para fortalecer a democracia nos Estados Unidos\u201c.\n<\/p>\n<p>\u201cSou amante da democracia. Acho que \u00e9 o melhor sistema de governo que a sociedade construiu no mundo. Somente uma democracia faz com que um torneiro mec\u00e2nico chegasse \u00e0 presid\u00eancia da Rep\u00fablica por tr\u00eas vezes. Ela permite aos contr\u00e1rios, os antag\u00f4nicos, uma disputa civilizada na discuss\u00e3o de ideias, sem viol\u00eancia\u201c, disse em seu pre\u00e2mbulo durante entrevista ao canal franc\u00eas TF1, antes de arrematar:\n<\/p>\n<p>\u201cAcho que a Kamala ganhando as elei\u00e7\u00f5es, \u00e9 muito mais seguro para fortalecer a democracia nos Estados Unidos.\u201d\n<\/p>\n<p><strong>Discurso de ocasi\u00e3o<\/strong><br \/>Esse trecho da entrevista foi replicado, entre outros, no perfil do petista no X. A rejei\u00e7\u00e3o de Lula a Trump n\u00e3o \u00e9 novidade, mas a tomada de partido a cinco dias da elei\u00e7\u00e3o serviu apenas para Lula perder junto com Kamala e aumentar a dist\u00e2ncia diplom\u00e1tica para Trump.\n<\/p>\n<p>De quebra, o petista exp\u00f4s mais uma vez que seu discurso sobre o respeito \u00e0 \u201cautodetermina\u00e7\u00e3o dos povos\u201d, usado sempre que ele \u00e9 questionado sobre os desmandos da ditaduras amigas, \u00e9 de ocasi\u00e3o.\n<\/p>\n<p>Fonte: O antagonista              <\/p>\n<\/div>\n<p><br \/>\n<br \/><a href=\"https:\/\/diariodobrasilnoticias.com.br\/noticia\/lula-ao-parabeniza-trump-confira-672b62cbe5510\">Source link <\/a><\/p>","protected":false},"excerpt":{"rendered":"<p>O presidente Lula parabenizou na manh\u00e3 desta quarta-feira, 6, Donald Trump pela elei\u00e7\u00e3o para um segundo mandato na Casa Branca. \u201cMeus parab\u00e9ns ao presidente Donald Trump pela vit\u00f3ria eleitoral e&hellip;<\/p>","protected":false},"author":1,"featured_media":55354,"comment_status":"closed","ping_status":"open","sticky":false,"template":"","format":"standard","meta":{"content-type":"","footnotes":""},"categories":[16],"tags":[123,2448,5313,1267],"class_list":["post-55353","post","type-post","status-publish","format-standard","has-post-thumbnail","hentry","category-noticias","tag-brasil","tag-diario","tag-noticia","tag-noticias"],"_links":{"self":[{"href":"https:\/\/tvbrazilusa.com\/pt\/wp-json\/wp\/v2\/posts\/55353","targetHints":{"allow":["GET"]}}],"collection":[{"href":"https:\/\/tvbrazilusa.com\/pt\/wp-json\/wp\/v2\/posts"}],"about":[{"href":"https:\/\/tvbrazilusa.com\/pt\/wp-json\/wp\/v2\/types\/post"}],"author":[{"embeddable":true,"href":"https:\/\/tvbrazilusa.com\/pt\/wp-json\/wp\/v2\/users\/1"}],"replies":[{"embeddable":true,"href":"https:\/\/tvbrazilusa.com\/pt\/wp-json\/wp\/v2\/comments?post=55353"}],"version-history":[{"count":1,"href":"https:\/\/tvbrazilusa.com\/pt\/wp-json\/wp\/v2\/posts\/55353\/revisions"}],"predecessor-version":[{"id":55355,"href":"https:\/\/tvbrazilusa.com\/pt\/wp-json\/wp\/v2\/posts\/55353\/revisions\/55355"}],"wp:featuredmedia":[{"embeddable":true,"href":"https:\/\/tvbrazilusa.com\/pt\/wp-json\/wp\/v2\/media\/55354"}],"wp:attachment":[{"href":"https:\/\/tvbrazilusa.com\/pt\/wp-json\/wp\/v2\/media?parent=55353"}],"wp:term":[{"taxonomy":"category","embeddable":true,"href":"https:\/\/tvbrazilusa.com\/pt\/wp-json\/wp\/v2\/categories?post=55353"},{"taxonomy":"post_tag","embeddable":true,"href":"https:\/\/tvbrazilusa.com\/pt\/wp-json\/wp\/v2\/tags?post=55353"}],"curies":[{"name":"wp","href":"https:\/\/api.w.org\/{rel}","templated":true}]}}