{"id":55356,"date":"2024-11-06T14:58:36","date_gmt":"2024-11-06T14:58:36","guid":{"rendered":"https:\/\/tvbrazilusa.com\/2024\/11\/06\/bolsonaro-precisara-de-autorizacao-do-stf-para-comparecer-a-posse-de-trump\/"},"modified":"2024-11-06T14:58:37","modified_gmt":"2024-11-06T14:58:37","slug":"bolsonaro-precisara-de-autorizacao-do-stf-para-comparecer-a-posse-de-trump","status":"publish","type":"post","link":"https:\/\/tvbrazilusa.com\/pt\/2024\/11\/06\/bolsonaro-precisara-de-autorizacao-do-stf-para-comparecer-a-posse-de-trump\/","title":{"rendered":"Bolsonaro precisar\u00e1 de autoriza\u00e7\u00e3o do STF para comparecer \u00e0 posse de Trump"},"content":{"rendered":"<p> <script async src=\"https:\/\/pagead2.googlesyndication.com\/pagead\/js\/adsbygoogle.js?client=ca-pub-8864793242727901\"\r\n     crossorigin=\"anonymous\"><\/script><br \/>\n<\/p>\n<div>\n<p>Moraes considerou que as investiga\u00e7\u00f5es conduzidas pela Pol\u00edcia Federal (PF) est\u00e3o em andamento e n\u00e3o h\u00e1 raz\u00f5es para alterar a decis\u00e3o que impede Bolsonaro de sair do pa\u00eds.\n<\/p>\n<p>Agora, Bolsonaro s\u00f3 poder\u00e1 ir \u00e0 posse de Trump se a decis\u00e3o for revogada.<\/p>\n<p>Fonte: Metr\u00f3poles\n<\/p>\n<\/div>\n<p><br \/>\n<br \/><a href=\"https:\/\/diariodobrasilnoticias.com.br\/noticia\/bolsonaro-precisara-de-autorizacao-do-stf-para-comparecer-a-posse-de-trump-672b63fd1a7c8\">Source link <\/a><\/p>","protected":false},"excerpt":{"rendered":"<p>Moraes considerou que as investiga\u00e7\u00f5es conduzidas pela Pol\u00edcia Federal (PF) est\u00e3o em andamento e n\u00e3o h\u00e1 raz\u00f5es para alterar a decis\u00e3o que impede Bolsonaro de sair do pa\u00eds. Agora, Bolsonaro&hellip;<\/p>","protected":false},"author":1,"featured_media":55357,"comment_status":"closed","ping_status":"open","sticky":false,"template":"","format":"standard","meta":{"content-type":"","footnotes":""},"categories":[16],"tags":[123,2448,5313,1267],"class_list":["post-55356","post","type-post","status-publish","format-standard","has-post-thumbnail","hentry","category-noticias","tag-brasil","tag-diario","tag-noticia","tag-noticias"],"_links":{"self":[{"href":"https:\/\/tvbrazilusa.com\/pt\/wp-json\/wp\/v2\/posts\/55356","targetHints":{"allow":["GET"]}}],"collection":[{"href":"https:\/\/tvbrazilusa.com\/pt\/wp-json\/wp\/v2\/posts"}],"about":[{"href":"https:\/\/tvbrazilusa.com\/pt\/wp-json\/wp\/v2\/types\/post"}],"author":[{"embeddable":true,"href":"https:\/\/tvbrazilusa.com\/pt\/wp-json\/wp\/v2\/users\/1"}],"replies":[{"embeddable":true,"href":"https:\/\/tvbrazilusa.com\/pt\/wp-json\/wp\/v2\/comments?post=55356"}],"version-history":[{"count":1,"href":"https:\/\/tvbrazilusa.com\/pt\/wp-json\/wp\/v2\/posts\/55356\/revisions"}],"predecessor-version":[{"id":55358,"href":"https:\/\/tvbrazilusa.com\/pt\/wp-json\/wp\/v2\/posts\/55356\/revisions\/55358"}],"wp:featuredmedia":[{"embeddable":true,"href":"https:\/\/tvbrazilusa.com\/pt\/wp-json\/wp\/v2\/media\/55357"}],"wp:attachment":[{"href":"https:\/\/tvbrazilusa.com\/pt\/wp-json\/wp\/v2\/media?parent=55356"}],"wp:term":[{"taxonomy":"category","embeddable":true,"href":"https:\/\/tvbrazilusa.com\/pt\/wp-json\/wp\/v2\/categories?post=55356"},{"taxonomy":"post_tag","embeddable":true,"href":"https:\/\/tvbrazilusa.com\/pt\/wp-json\/wp\/v2\/tags?post=55356"}],"curies":[{"name":"wp","href":"https:\/\/api.w.org\/{rel}","templated":true}]}}