{"id":55370,"date":"2024-11-06T16:01:26","date_gmt":"2024-11-06T16:01:26","guid":{"rendered":"https:\/\/tvbrazilusa.com\/2024\/11\/06\/rn-reduz-em-266-total-de-mortes-violentas-em-outubro-queda-na-grande-natal-foi-de-308\/"},"modified":"2024-11-06T16:01:27","modified_gmt":"2024-11-06T16:01:27","slug":"rn-reduz-em-266-total-de-mortes-violentas-em-outubro-queda-na-grande-natal-foi-de-308","status":"publish","type":"post","link":"https:\/\/tvbrazilusa.com\/pt\/2024\/11\/06\/rn-reduz-em-266-total-de-mortes-violentas-em-outubro-queda-na-grande-natal-foi-de-308\/","title":{"rendered":"RN reduz em 26,6% total de mortes violentas em outubro; queda na Grande Natal foi de 30,8%"},"content":{"rendered":"<p> <script async src=\"https:\/\/pagead2.googlesyndication.com\/pagead\/js\/adsbygoogle.js?client=ca-pub-8864793242727901\"\r\n     crossorigin=\"anonymous\"><\/script><br \/>\n<\/p>\n<div id=\"taboola-read-more\" style=\"display:block; width:100%\">\n<p>Os \u00edndices de viol\u00eancia e criminalidade continuam diminuindo no Rio Grande do Norte. Dados divulgados nesta quarta-feira (6) pela Secretaria da Seguran\u00e7a P\u00fablica e da Defesa Social mostram redu\u00e7\u00e3o de 26,6% no total de mortes violentas intencionais em outubro. A queda \u00e9 em compara\u00e7\u00e3o ao mesmo per\u00edodo do ano passado. No acumulado do ano, de janeiro a outubro, a redu\u00e7\u00e3o \u00e9 de 21,5%.\n<\/p>\n<p>Em outubro do ano passado, o estado registrou 94 mortes violentas. J\u00e1 este ano, foram 69, ou seja, 25 v\u00edtimas a menos. J\u00e1 no acumulado do ano, 885 pessoas perderam a vida entre janeiro e outubro de 2023, contra 695 mortes violentas ocorridas este ano no estado, o que representa 190 assassinatos a menos.<\/p>\n<p><strong>Grande Natal<\/strong>\n<\/p>\n<p>Na Regi\u00e3o Metropolitana de Natal, composta pela capital e mais 14 munic\u00edpios, a redu\u00e7\u00e3o nos \u00edndices de viol\u00eancia em outubro foi ainda maior: 30,8%. J\u00e1 no per\u00edodo de janeiro a outubro, a queda tamb\u00e9m foi expressiva: 28,5% no acumulado do ano.\n<\/p>\n<p>Em n\u00fameros absolutos, a Grande Natal registrou 39 mortes violentas em outubro de 2023, contra 27 casos em outubro deste ano, ou seja, 12 mortes a menos. No acumulado do ano, foram 393 mortes entre janeiro e outubro de 2023 contra 281 assassinatos ocorridos na RMN no mesmo per\u00edodo deste ano, o que significa 112 MVIs a menos.\n<\/p>\n<p><strong>MVIs<\/strong>\n<\/p>\n<p>Comp\u00f5em as mortes violentas intencionais (MVIs): homic\u00eddios dolosos (quando h\u00e1 a inten\u00e7\u00e3o de matar), feminic\u00eddios, latroc\u00ednios, interven\u00e7\u00f5es policiais e les\u00f5es corporais seguidas de morte.\n<\/p>\n<p><strong>Transpar\u00eancia<\/strong>\n<\/p>\n<p>Os dados foram contabilizados e consolidados pela Coordenadoria de Informa\u00e7\u00f5es Estat\u00edsticas e An\u00e1lises Criminais da SESED. Ap\u00f3s o processo, a COINE compartilha as informa\u00e7\u00f5es com o Minist\u00e9rio da Justi\u00e7a e Seguran\u00e7a P\u00fablica (MJSP) e com o Minist\u00e9rio P\u00fablico Estadual (MPRN).<\/p>\n<p>Fonte:\u00a0SESED              <\/p>\n<\/div>\n<p><br \/>\n<br \/><a href=\"https:\/\/diariodobrasilnoticias.com.br\/noticia\/rn-reduz-em-26-6-total-de-mortes-violentas-em-outubro-queda-na-grande-natal-foi-de-30-8-672b7b1d90fa7\">Source link <\/a><\/p>","protected":false},"excerpt":{"rendered":"<p>Os \u00edndices de viol\u00eancia e criminalidade continuam diminuindo no Rio Grande do Norte. Dados divulgados nesta quarta-feira (6) pela Secretaria da Seguran\u00e7a P\u00fablica e da Defesa Social mostram redu\u00e7\u00e3o de&hellip;<\/p>","protected":false},"author":1,"featured_media":55371,"comment_status":"closed","ping_status":"open","sticky":false,"template":"","format":"standard","meta":{"content-type":"","footnotes":""},"categories":[16],"tags":[123,2448,5313,1267],"class_list":["post-55370","post","type-post","status-publish","format-standard","has-post-thumbnail","hentry","category-noticias","tag-brasil","tag-diario","tag-noticia","tag-noticias"],"_links":{"self":[{"href":"https:\/\/tvbrazilusa.com\/pt\/wp-json\/wp\/v2\/posts\/55370","targetHints":{"allow":["GET"]}}],"collection":[{"href":"https:\/\/tvbrazilusa.com\/pt\/wp-json\/wp\/v2\/posts"}],"about":[{"href":"https:\/\/tvbrazilusa.com\/pt\/wp-json\/wp\/v2\/types\/post"}],"author":[{"embeddable":true,"href":"https:\/\/tvbrazilusa.com\/pt\/wp-json\/wp\/v2\/users\/1"}],"replies":[{"embeddable":true,"href":"https:\/\/tvbrazilusa.com\/pt\/wp-json\/wp\/v2\/comments?post=55370"}],"version-history":[{"count":1,"href":"https:\/\/tvbrazilusa.com\/pt\/wp-json\/wp\/v2\/posts\/55370\/revisions"}],"predecessor-version":[{"id":55372,"href":"https:\/\/tvbrazilusa.com\/pt\/wp-json\/wp\/v2\/posts\/55370\/revisions\/55372"}],"wp:featuredmedia":[{"embeddable":true,"href":"https:\/\/tvbrazilusa.com\/pt\/wp-json\/wp\/v2\/media\/55371"}],"wp:attachment":[{"href":"https:\/\/tvbrazilusa.com\/pt\/wp-json\/wp\/v2\/media?parent=55370"}],"wp:term":[{"taxonomy":"category","embeddable":true,"href":"https:\/\/tvbrazilusa.com\/pt\/wp-json\/wp\/v2\/categories?post=55370"},{"taxonomy":"post_tag","embeddable":true,"href":"https:\/\/tvbrazilusa.com\/pt\/wp-json\/wp\/v2\/tags?post=55370"}],"curies":[{"name":"wp","href":"https:\/\/api.w.org\/{rel}","templated":true}]}}