{"id":5538,"date":"2023-03-24T14:49:40","date_gmt":"2023-03-24T14:49:40","guid":{"rendered":"https:\/\/tvbrazilusa.com\/2023\/03\/24\/pcc-moro-e-a-crise-economica-o-governo-do-descondenado-em-colapso\/"},"modified":"2023-03-24T14:49:40","modified_gmt":"2023-03-24T14:49:40","slug":"pcc-moro-e-a-crise-economica-o-governo-do-descondenado-em-colapso","status":"publish","type":"post","link":"https:\/\/tvbrazilusa.com\/pt\/2023\/03\/24\/pcc-moro-e-a-crise-economica-o-governo-do-descondenado-em-colapso\/","title":{"rendered":"PCC, Moro e a crise econ\u00f4mica: o governo do descondenado em colapso"},"content":{"rendered":"<p><iframe  width=\"580\" height=\"385\" src=\"https:\/\/www.youtube.com\/embed\/siYzDI60hDI?modestbranding=1\" frameborder=\"0\" allowfullscreen><\/iframe><br \/>\n<br \/>Lula ri das amea\u00e7as contra vida de Moro e afirma que deve ser mais uma arma\u00e7\u00e3o do ex-juiz<\/p>\n<p>O ex-presidi\u00e1rio simplesmente n\u00e3o tem nenhum pudor. Ri de uma amea\u00e7a de sequestro e morte de v\u00e1rias autoridades, incluindo Moro e sua fam\u00edlia, colocando em d\u00favida a veracidade da den\u00fancia.<\/p>\n<p>A inf\u00e2mia encontra o esc\u00e1rnio em sua fala sobre &#8220;ser arma\u00e7\u00e3o do Moro&#8221;, referindo-se ao plano do PCC para mat\u00e1-lo, descoberto pela PF. Se houve arma\u00e7\u00e3o, ent\u00e3o a pr\u00f3pria PF teria participado dela?<br \/>\n<br \/><a href=\"https:\/\/www.youtube.com\/watch?v=siYzDI60hDI\">source<\/a><\/p>","protected":false},"excerpt":{"rendered":"<p>Lula ri das amea\u00e7as contra vida de Moro e afirma que deve ser mais uma arma\u00e7\u00e3o do ex-juiz O ex-presidi\u00e1rio simplesmente n\u00e3o tem nenhum pudor. Ri de uma amea\u00e7a de&hellip;<\/p>","protected":false},"author":1,"featured_media":5539,"comment_status":"","ping_status":"open","sticky":false,"template":"","format":"standard","meta":{"content-type":"","footnotes":""},"categories":[1],"tags":[],"class_list":["post-5538","post","type-post","status-publish","format-standard","has-post-thumbnail","hentry","category-uncategorized"],"_links":{"self":[{"href":"https:\/\/tvbrazilusa.com\/pt\/wp-json\/wp\/v2\/posts\/5538","targetHints":{"allow":["GET"]}}],"collection":[{"href":"https:\/\/tvbrazilusa.com\/pt\/wp-json\/wp\/v2\/posts"}],"about":[{"href":"https:\/\/tvbrazilusa.com\/pt\/wp-json\/wp\/v2\/types\/post"}],"author":[{"embeddable":true,"href":"https:\/\/tvbrazilusa.com\/pt\/wp-json\/wp\/v2\/users\/1"}],"replies":[{"embeddable":true,"href":"https:\/\/tvbrazilusa.com\/pt\/wp-json\/wp\/v2\/comments?post=5538"}],"version-history":[{"count":0,"href":"https:\/\/tvbrazilusa.com\/pt\/wp-json\/wp\/v2\/posts\/5538\/revisions"}],"wp:featuredmedia":[{"embeddable":true,"href":"https:\/\/tvbrazilusa.com\/pt\/wp-json\/wp\/v2\/media\/5539"}],"wp:attachment":[{"href":"https:\/\/tvbrazilusa.com\/pt\/wp-json\/wp\/v2\/media?parent=5538"}],"wp:term":[{"taxonomy":"category","embeddable":true,"href":"https:\/\/tvbrazilusa.com\/pt\/wp-json\/wp\/v2\/categories?post=5538"},{"taxonomy":"post_tag","embeddable":true,"href":"https:\/\/tvbrazilusa.com\/pt\/wp-json\/wp\/v2\/tags?post=5538"}],"curies":[{"name":"wp","href":"https:\/\/api.w.org\/{rel}","templated":true}]}}