{"id":55399,"date":"2024-11-06T17:30:28","date_gmt":"2024-11-06T17:30:28","guid":{"rendered":"https:\/\/tvbrazilusa.com\/2024\/11\/06\/a-primeira-batalha-entre-o-novo-governo-trump-e-o-brasil-devera-acontecer-ainda-este-ano-com-um-possivel-convite-de-bolsonaro-para-posse-do-presidente-americano-eleito\/"},"modified":"2024-11-06T17:30:30","modified_gmt":"2024-11-06T17:30:30","slug":"a-primeira-batalha-entre-o-novo-governo-trump-e-o-brasil-devera-acontecer-ainda-este-ano-com-um-possivel-convite-de-bolsonaro-para-posse-do-presidente-americano-eleito","status":"publish","type":"post","link":"https:\/\/tvbrazilusa.com\/pt\/2024\/11\/06\/a-primeira-batalha-entre-o-novo-governo-trump-e-o-brasil-devera-acontecer-ainda-este-ano-com-um-possivel-convite-de-bolsonaro-para-posse-do-presidente-americano-eleito\/","title":{"rendered":"A primeira batalha entre o novo governo Trump e o Brasil dever\u00e1 acontecer ainda este ano com um poss\u00edvel convite de Bolsonaro para posse do presidente americano eleito"},"content":{"rendered":"<p> <script async src=\"https:\/\/pagead2.googlesyndication.com\/pagead\/js\/adsbygoogle.js?client=ca-pub-8864793242727901\"\r\n     crossorigin=\"anonymous\"><\/script><br \/>\n<\/p>\n<div id=\"taboola-read-more\" style=\"display:block; width:100%\">\n<p>Com a recente vit\u00f3ria de Donald Trump na elei\u00e7\u00e3o presidencial dos Estados Unidos, o Brasil se v\u00ea novamente no centro das aten\u00e7\u00f5es globais, n\u00e3o apenas pela sua import\u00e2ncia econ\u00f4mica e pol\u00edtica, mas tamb\u00e9m devido \u00e0s tens\u00f5es internas que essa elei\u00e7\u00e3o ressalta. A rela\u00e7\u00e3o entre o Brasil e os Estados Unidos est\u00e1 prestes a entrar em uma nova fase, potencialmente complicada por fatores tanto internos quanto externos.\n<\/p>\n<p>*A Desaven\u00e7a Ideol\u00f3gica entre Lula e Trump:*<\/p>\n<p>O Presidente Luiz In\u00e1cio Lula da Silva n\u00e3o tem feito segredo de sua antipatia por Donald Trump. Durante a campanha e em declara\u00e7\u00f5es p\u00fablicas, Lula chegou a chamar o ex-presidente americano de &#8220;nazista&#8221;, uma acusa\u00e7\u00e3o que reflete n\u00e3o apenas diferen\u00e7as pol\u00edticas, mas tamb\u00e9m uma profunda disc\u00f3rdia ideol\u00f3gica. Essa animosidade pessoal tem implica\u00e7\u00f5es significativas para a diplomacia bilateral entre os dois pa\u00edses.\n<\/p>\n<p>*A Amizade Bolsonaro-Trump:*\n<\/p>\n<p>O ex-presidente Jair Bolsonaro, atualmente um dos maiores advers\u00e1rios pol\u00edticos de Lula dentro do Brasil, compartilha uma amizade pessoal e pol\u00edtica com Trump. Essa proximidade se tornou not\u00f3ria durante o mandato de Bolsonaro, onde ele frequentemente alinhou suas pol\u00edticas com as do ent\u00e3o presidente americano.\n<\/p>\n<p>*Desafios Diplom\u00e1ticos:*\n<\/p>\n<p>A vit\u00f3ria de Trump coloca o Brasil em uma posi\u00e7\u00e3o delicada. A expectativa \u00e9 que Trump convide Bolsonaro para sua posse em janeiro, um evento que tradicionalmente \u00e9 um marco para consolidar ou iniciar novas rela\u00e7\u00f5es diplom\u00e1ticas. No entanto, a participa\u00e7\u00e3o de Bolsonaro n\u00e3o \u00e9 uma quest\u00e3o simples.\n<\/p>\n<p>Recentemente, Bolsonaro enfrentou uma s\u00e9rie de investiga\u00e7\u00f5es judiciais e decis\u00f5es que restringem suas atividades pol\u00edticas e de viagem. Qualquer viagem internacional, especialmente uma de tamanha repercuss\u00e3o como a posse de um presidente americano, dependeria de uma autoriza\u00e7\u00e3o do Ministro do Supremo Tribunal Federal, Alexandre de Moraes.\n<\/p>\n<p>*Poss\u00edvel Conflito:*\n<\/p>\n<p>Essa situa\u00e7\u00e3o pode gerar um desconforto diplom\u00e1tico. Se o governo brasileiro, sob influ\u00eancia de Moraes ou por decis\u00e3o pr\u00f3pria, negar a autoriza\u00e7\u00e3o para Bolsonaro comparecer \u00e0 posse, isso poderia ser interpretado como um gesto hostil pelos EUA. Tal cen\u00e1rio levanta a possibilidade de uma batalha diplom\u00e1tica entre os dois pa\u00edses, algo que o governo Lula ter\u00e1 que navegar com cuidado.\n<\/p>\n<p>*Negocia\u00e7\u00f5es e Explica\u00e7\u00f5es:*\n<\/p>\n<p>O governo Lula se v\u00ea, portanto, na necessidade de negociar com os Estados Unidos. Ser\u00e1 crucial explicar qualquer negativa judicial de forma que n\u00e3o inflame ainda mais as rela\u00e7\u00f5es. A diplomacia brasileira ter\u00e1 que ser \u00e1gil e estrat\u00e9gica, balanceando a pol\u00edtica interna com as exig\u00eancias e expectativas de uma rela\u00e7\u00e3o com um dos maiores parceiros comerciais e pol\u00edticos do Brasil.\n<\/p>\n<p>A vit\u00f3ria de Donald Trump n\u00e3o apenas muda o cen\u00e1rio pol\u00edtico nos EUA, mas tamb\u00e9m reverbera no Brasil, potencializando conflitos internos e externos. A habilidade do governo Lula em manejar essas complexidades diplom\u00e1ticas ser\u00e1 testada, e o resultado dessas intera\u00e7\u00f5es definir\u00e1, em grande parte, o rumo das rela\u00e7\u00f5es Brasil-EUA nos pr\u00f3ximos anos. O Brasil, assim, entra no radar mundial, n\u00e3o s\u00f3 por sua relev\u00e2ncia geopol\u00edtica, mas tamb\u00e9m pelas din\u00e2micas internas que podem influenciar sua pol\u00edtica externa de maneira significativa.              <\/p>\n<\/div>\n<p><br \/>\n<br \/><a href=\"https:\/\/diariodobrasilnoticias.com.br\/noticia\/a-primeira-batalha-entre-o-novo-governo-trump-e-o-brasil-devera-acontecer-ainda-este-ano-com-um-possivel-convite-de-bolsonaro-para-posse-do-presidente-americano-eleito-672b8a5005f03\">Source link <\/a><\/p>","protected":false},"excerpt":{"rendered":"<p>Com a recente vit\u00f3ria de Donald Trump na elei\u00e7\u00e3o presidencial dos Estados Unidos, o Brasil se v\u00ea novamente no centro das aten\u00e7\u00f5es globais, n\u00e3o apenas pela sua import\u00e2ncia econ\u00f4mica e&hellip;<\/p>","protected":false},"author":1,"featured_media":55400,"comment_status":"closed","ping_status":"open","sticky":false,"template":"","format":"standard","meta":{"content-type":"","footnotes":""},"categories":[16],"tags":[123,2448,5313,1267],"class_list":["post-55399","post","type-post","status-publish","format-standard","has-post-thumbnail","hentry","category-noticias","tag-brasil","tag-diario","tag-noticia","tag-noticias"],"_links":{"self":[{"href":"https:\/\/tvbrazilusa.com\/pt\/wp-json\/wp\/v2\/posts\/55399","targetHints":{"allow":["GET"]}}],"collection":[{"href":"https:\/\/tvbrazilusa.com\/pt\/wp-json\/wp\/v2\/posts"}],"about":[{"href":"https:\/\/tvbrazilusa.com\/pt\/wp-json\/wp\/v2\/types\/post"}],"author":[{"embeddable":true,"href":"https:\/\/tvbrazilusa.com\/pt\/wp-json\/wp\/v2\/users\/1"}],"replies":[{"embeddable":true,"href":"https:\/\/tvbrazilusa.com\/pt\/wp-json\/wp\/v2\/comments?post=55399"}],"version-history":[{"count":1,"href":"https:\/\/tvbrazilusa.com\/pt\/wp-json\/wp\/v2\/posts\/55399\/revisions"}],"predecessor-version":[{"id":55401,"href":"https:\/\/tvbrazilusa.com\/pt\/wp-json\/wp\/v2\/posts\/55399\/revisions\/55401"}],"wp:featuredmedia":[{"embeddable":true,"href":"https:\/\/tvbrazilusa.com\/pt\/wp-json\/wp\/v2\/media\/55400"}],"wp:attachment":[{"href":"https:\/\/tvbrazilusa.com\/pt\/wp-json\/wp\/v2\/media?parent=55399"}],"wp:term":[{"taxonomy":"category","embeddable":true,"href":"https:\/\/tvbrazilusa.com\/pt\/wp-json\/wp\/v2\/categories?post=55399"},{"taxonomy":"post_tag","embeddable":true,"href":"https:\/\/tvbrazilusa.com\/pt\/wp-json\/wp\/v2\/tags?post=55399"}],"curies":[{"name":"wp","href":"https:\/\/api.w.org\/{rel}","templated":true}]}}