{"id":55402,"date":"2024-11-06T17:45:42","date_gmt":"2024-11-06T17:45:42","guid":{"rendered":"https:\/\/tvbrazilusa.com\/2024\/11\/06\/pl-e-pt-juntos-nikolas-ferreira-critica-a-alianca-na-presidencia-da-camara\/"},"modified":"2024-11-06T17:45:43","modified_gmt":"2024-11-06T17:45:43","slug":"pl-e-pt-juntos-nikolas-ferreira-critica-a-alianca-na-presidencia-da-camara","status":"publish","type":"post","link":"https:\/\/tvbrazilusa.com\/pt\/2024\/11\/06\/pl-e-pt-juntos-nikolas-ferreira-critica-a-alianca-na-presidencia-da-camara\/","title":{"rendered":"&#8216;PL e PT juntos&#8217;: Nikolas Ferreira critica a alian\u00e7a na presid\u00eancia da C\u00e2mara"},"content":{"rendered":"<p> <script async src=\"https:\/\/pagead2.googlesyndication.com\/pagead\/js\/adsbygoogle.js?client=ca-pub-8864793242727901\"\r\n     crossorigin=\"anonymous\"><\/script><br \/>\n<\/p>\n<div id=\"taboola-read-more\" style=\"display:block; width:100%\">\n<p tabindex=\"0\">O deputado federal Nikolas Ferreira (PL-MG) abordou em entrevista \u00e0 coluna\u00a0<strong>Entrelinhas\u00a0<\/strong>sua insatisfa\u00e7\u00e3o com a alian\u00e7a entre o Partido Liberal (PL), do qual faz parte, e o Partido dos Trabalhadores (PT), no apoio \u00e0 candidatura \u00fanica de Hugo Motta (Republicanos-PB) para a presid\u00eancia da C\u00e2mara dos Deputados. Segundo Nikolas, \u201cn\u00e3o d\u00e1 para ignorar o eleitorado\u201d que se sente tra\u00eddo por essa uni\u00e3o. Para ele, o acordo desvirtua a identidade da direita e ignora os sentimentos dos eleitores que confiaram seu voto em representantes com uma postura mais combativa.\n<\/p>\n<p tabindex=\"0\">Na tribuna da C\u00e2mara, o parlamentar refor\u00e7ou suas cr\u00edticas ao pacto pol\u00edtico que, segundo ele, \u201ccoloca em jogo a vida das pessoas\u201d, referindo-se \u00e0 anistia dos presos de 8 de janeiro. \u201c\u00c9 uma imoralidade gigantesca\u201d, apontou, ao mencionar que n\u00e3o concorda com a troca de apoio pela aprova\u00e7\u00e3o da anistia. Nikolas argumenta que, ao inv\u00e9s de acordos de coaliz\u00e3o, a direita deveria se concentrar em resgatar os valores e a disposi\u00e7\u00e3o combativa que mobilizam sua base.<\/p>\n<p tabindex=\"0\">Embora sem atacar pessoalmente os candidatos, Nikolas frisou que os apoiadores de direita t\u00eam demandas diferentes daquelas propostas pelo centro pol\u00edtico. &#8220;O que eu escuto \u00e9: \u2018Estou orando por voc\u00ea\u2019, \u2018N\u00e3o desista\u2019. N\u00f3s estamos perdendo uma ess\u00eancia que vai fazer com que as pessoas tamb\u00e9m percam a sua ess\u00eancia\u201d, destacou, reiterando que os eleitores esperam coragem e firmeza dos parlamentares de direita.\n<\/p>\n<p tabindex=\"0\">O parlamentar tamb\u00e9m lembrou que o ex-presidente Jair Bolsonaro alcan\u00e7ou a presid\u00eancia \u201cmesmo que sozinho e truculento\u201d. Para ele, o comprometimento com valores supera os resultados imediatos. \u201cHoje, n\u00f3s basicamente estamos vivendo pela caridade dos nossos inimigos\u201d, afirmou o deputado.\n<\/p>\n<div class=\"c-ads ads-desktop\">Aos colegas de direita, o deputado fez um apelo para que sigam lutando de maneira intransigente, tal como a esquerda \u00e9 conhecida por fazer. Segundo o deputado, \u201cfa\u00e7a sol ou fa\u00e7a chuva, eles est\u00e3o aqui defendendo e sendo coerentes com aquilo que eles concordam\u201d. Para Nikolas, a ess\u00eancia combativa deve prevalecer, mesmo que os resultados n\u00e3o sejam imediatos. \u201cA vida nem tudo \u00e9 sobre resultados; \u00e9 sobre disposi\u00e7\u00e3o e ess\u00eancia\u201d, afirmou.<\/p>\n<p>Tanto na C\u00e2mara dos Deputados, como no Senado Federal, O PL est\u00e1 unido com o PT em torno de uma candidatura \u00fanica. No Senado, Davi Alcolumbre (Uni\u00e3o-AP) \u00e9 o candidato de consenso entre os partidos.<\/p>\n<\/div>\n<p>\u00a0<\/p>\n<p>Fonte: Gazeta do Povo<\/p>\n<\/p><\/div>\n<p><br \/>\n<br \/><a href=\"https:\/\/diariodobrasilnoticias.com.br\/noticia\/-pl-e-pt-juntos-nikolas-ferreira-critica-a-alianca-na-presidencia-da-camara-672b94147d2e1\">Source link <\/a><\/p>","protected":false},"excerpt":{"rendered":"<p>O deputado federal Nikolas Ferreira (PL-MG) abordou em entrevista \u00e0 coluna\u00a0Entrelinhas\u00a0sua insatisfa\u00e7\u00e3o com a alian\u00e7a entre o Partido Liberal (PL), do qual faz parte, e o Partido dos Trabalhadores (PT),&hellip;<\/p>","protected":false},"author":1,"featured_media":55403,"comment_status":"closed","ping_status":"open","sticky":false,"template":"","format":"standard","meta":{"content-type":"","footnotes":""},"categories":[16],"tags":[123,2448,5313,1267],"class_list":["post-55402","post","type-post","status-publish","format-standard","has-post-thumbnail","hentry","category-noticias","tag-brasil","tag-diario","tag-noticia","tag-noticias"],"_links":{"self":[{"href":"https:\/\/tvbrazilusa.com\/pt\/wp-json\/wp\/v2\/posts\/55402","targetHints":{"allow":["GET"]}}],"collection":[{"href":"https:\/\/tvbrazilusa.com\/pt\/wp-json\/wp\/v2\/posts"}],"about":[{"href":"https:\/\/tvbrazilusa.com\/pt\/wp-json\/wp\/v2\/types\/post"}],"author":[{"embeddable":true,"href":"https:\/\/tvbrazilusa.com\/pt\/wp-json\/wp\/v2\/users\/1"}],"replies":[{"embeddable":true,"href":"https:\/\/tvbrazilusa.com\/pt\/wp-json\/wp\/v2\/comments?post=55402"}],"version-history":[{"count":1,"href":"https:\/\/tvbrazilusa.com\/pt\/wp-json\/wp\/v2\/posts\/55402\/revisions"}],"predecessor-version":[{"id":55404,"href":"https:\/\/tvbrazilusa.com\/pt\/wp-json\/wp\/v2\/posts\/55402\/revisions\/55404"}],"wp:featuredmedia":[{"embeddable":true,"href":"https:\/\/tvbrazilusa.com\/pt\/wp-json\/wp\/v2\/media\/55403"}],"wp:attachment":[{"href":"https:\/\/tvbrazilusa.com\/pt\/wp-json\/wp\/v2\/media?parent=55402"}],"wp:term":[{"taxonomy":"category","embeddable":true,"href":"https:\/\/tvbrazilusa.com\/pt\/wp-json\/wp\/v2\/categories?post=55402"},{"taxonomy":"post_tag","embeddable":true,"href":"https:\/\/tvbrazilusa.com\/pt\/wp-json\/wp\/v2\/tags?post=55402"}],"curies":[{"name":"wp","href":"https:\/\/api.w.org\/{rel}","templated":true}]}}