{"id":55414,"date":"2024-11-06T18:34:31","date_gmt":"2024-11-06T18:34:31","guid":{"rendered":"https:\/\/tvbrazilusa.com\/2024\/11\/06\/leifert-ironiza-critica-de-bruno-gagliasso-cancelador-geral-da-republica\/"},"modified":"2024-11-06T18:34:32","modified_gmt":"2024-11-06T18:34:32","slug":"leifert-ironiza-critica-de-bruno-gagliasso-cancelador-geral-da-republica","status":"publish","type":"post","link":"https:\/\/tvbrazilusa.com\/pt\/2024\/11\/06\/leifert-ironiza-critica-de-bruno-gagliasso-cancelador-geral-da-republica\/","title":{"rendered":"Leifert ironiza cr\u00edtica de Bruno Gagliasso: &#8216;Cancelador geral da Rep\u00fablica&#8217;"},"content":{"rendered":"<p> <script async src=\"https:\/\/pagead2.googlesyndication.com\/pagead\/js\/adsbygoogle.js?client=ca-pub-8864793242727901\"\r\n     crossorigin=\"anonymous\"><\/script><br \/>\n<\/p>\n<div id=\"taboola-read-more\" style=\"display:block; width:100%\">\n<p>Tiago Leifert, 44, rebateu as cr\u00edticas que recebeu de Bruno Gagliasso, 42, por discordar de que Vini Jr., 24, tenha sido v\u00edtima de racismo no pr\u00eamio Bola de Ouro.\n<\/p>\n<p>O jornalista afirmou ter convidado Gagliasso para debater o assunto em seu canal no YouTube &#8211; oferta que o ator teria recusado. A celeuma surgiu depois de Bruno comentar o posicionamento de Tiago sobre Vini Jr. numa rede social, dizendo que o comunicador &#8220;calado \u00e9 um poeta&#8221;.<\/p>\n<p>Leifert insinuou que a &#8220;onda de cancelamento&#8221; promovida na internet estaria relacionada a ganhos econ\u00f4micos dos que a promovem. &#8220;Existe um ganho econ\u00f4mico que n\u00e3o pode ser ignorado. Uma veio aqui e [depois] fez a propaganda da Coca-Cola, do podcast e do bon\u00e9&#8221;, exemplificou, numa refer\u00eancia a Sara Zar\u00e2, que participou de seu programa na semana anterior.\n<\/p>\n<p>Ele deu a entender que o pr\u00f3prio Gagliasso se beneficiaria &#8211; e visaria se beneficiar &#8211; dessa tend\u00eancia. &#8220;Vamos observar daqui para frente se todas as vezes que o senhor Bruno Gagliasso &#8211; que &#8216;pipocou&#8217; e n\u00e3o aceitou o convite de vir aqui &#8211; for cancelar algu\u00e9m, for assumir esse papel de &#8216;cancelador geral da Rep\u00fablica&#8217; e come\u00e7a a apontar o dedo para algu\u00e9m, se ele tamb\u00e9m est\u00e1, nesta mesma semana, promovendo uma nova s\u00e9rie ou filme ou se foi s\u00f3 coincid\u00eancia&#8221;, ironizou Leifert, aludindo ao fato de o ator ter lan\u00e7ado recentemente a s\u00e9rie &#8220;Os Quatro da Candel\u00e1ria&#8221; (Netflix).\n<\/p>\n<p>Com informa\u00e7\u00f5es de Splash, UOL              <\/p>\n<\/div>\n<p><br \/>\n<br \/><a href=\"https:\/\/diariodobrasilnoticias.com.br\/noticia\/leifert-ironiza-critica-de-bruno-gagliasso-cancelador-geral-da-republica-672b924fc7ee7\">Source link <\/a><\/p>","protected":false},"excerpt":{"rendered":"<p>Tiago Leifert, 44, rebateu as cr\u00edticas que recebeu de Bruno Gagliasso, 42, por discordar de que Vini Jr., 24, tenha sido v\u00edtima de racismo no pr\u00eamio Bola de Ouro. O&hellip;<\/p>","protected":false},"author":1,"featured_media":55415,"comment_status":"closed","ping_status":"open","sticky":false,"template":"","format":"standard","meta":{"content-type":"","footnotes":""},"categories":[16],"tags":[123,2448,5313,1267],"class_list":["post-55414","post","type-post","status-publish","format-standard","has-post-thumbnail","hentry","category-noticias","tag-brasil","tag-diario","tag-noticia","tag-noticias"],"_links":{"self":[{"href":"https:\/\/tvbrazilusa.com\/pt\/wp-json\/wp\/v2\/posts\/55414","targetHints":{"allow":["GET"]}}],"collection":[{"href":"https:\/\/tvbrazilusa.com\/pt\/wp-json\/wp\/v2\/posts"}],"about":[{"href":"https:\/\/tvbrazilusa.com\/pt\/wp-json\/wp\/v2\/types\/post"}],"author":[{"embeddable":true,"href":"https:\/\/tvbrazilusa.com\/pt\/wp-json\/wp\/v2\/users\/1"}],"replies":[{"embeddable":true,"href":"https:\/\/tvbrazilusa.com\/pt\/wp-json\/wp\/v2\/comments?post=55414"}],"version-history":[{"count":1,"href":"https:\/\/tvbrazilusa.com\/pt\/wp-json\/wp\/v2\/posts\/55414\/revisions"}],"predecessor-version":[{"id":55416,"href":"https:\/\/tvbrazilusa.com\/pt\/wp-json\/wp\/v2\/posts\/55414\/revisions\/55416"}],"wp:featuredmedia":[{"embeddable":true,"href":"https:\/\/tvbrazilusa.com\/pt\/wp-json\/wp\/v2\/media\/55415"}],"wp:attachment":[{"href":"https:\/\/tvbrazilusa.com\/pt\/wp-json\/wp\/v2\/media?parent=55414"}],"wp:term":[{"taxonomy":"category","embeddable":true,"href":"https:\/\/tvbrazilusa.com\/pt\/wp-json\/wp\/v2\/categories?post=55414"},{"taxonomy":"post_tag","embeddable":true,"href":"https:\/\/tvbrazilusa.com\/pt\/wp-json\/wp\/v2\/tags?post=55414"}],"curies":[{"name":"wp","href":"https:\/\/api.w.org\/{rel}","templated":true}]}}