{"id":55417,"date":"2024-11-06T18:48:45","date_gmt":"2024-11-06T18:48:45","guid":{"rendered":"https:\/\/tvbrazilusa.com\/2024\/11\/06\/procon-multa-enel-em-r-133-milhoes-por-apagao-em-sao-paulo\/"},"modified":"2024-11-06T18:48:46","modified_gmt":"2024-11-06T18:48:46","slug":"procon-multa-enel-em-r-133-milhoes-por-apagao-em-sao-paulo","status":"publish","type":"post","link":"https:\/\/tvbrazilusa.com\/pt\/2024\/11\/06\/procon-multa-enel-em-r-133-milhoes-por-apagao-em-sao-paulo\/","title":{"rendered":"Procon multa Enel em R$ 13,3 milh\u00f5es por apag\u00e3o em S\u00e3o Paulo"},"content":{"rendered":"<p> <script async src=\"https:\/\/pagead2.googlesyndication.com\/pagead\/js\/adsbygoogle.js?client=ca-pub-8864793242727901\"\r\n     crossorigin=\"anonymous\"><\/script><br \/>\n<\/p>\n<div id=\"taboola-read-more\" style=\"display:block; width:100%\">\n<p>A Funda\u00e7\u00e3o de Prote\u00e7\u00e3o e Defesa do Consumidor do Estado de S\u00e3o Paulo (Procon-SP) multou a Enel na segunda-feira 4 em R$ 13,3 milh\u00f5es. Segundo o \u00f3rg\u00e3o, a companhia apresentou \u201cm\u00e1 presta\u00e7\u00e3o de servi\u00e7o\u201d durante o apag\u00e3o registrado no dia 11 de outubro.\n<\/p>\n<p>Na ocasi\u00e3o, mais de 3,1 milh\u00f5es de pessoas ficaram sem energia el\u00e9trica na regi\u00e3o metropolitana da capital paulista. O problema perdurou por dias para alguns clientes.<\/p>\n<p>Em comunicado, a Enel n\u00e3o confirmou o pagamento da multa, mas afirmou seu compromisso com os clientes. A empresa diz que planeja continuar investindo para minimizar o impacto no servi\u00e7o diante do avan\u00e7o dos eventos clim\u00e1ticos.\n<\/p>\n<p>A Enel alegou que o vendaval de outubro \u201cfoi o mais forte registrado na regi\u00e3o metropolitana nos \u00faltimos 30 anos\u201d, e que, dos mais de 3 milh\u00f5es de afetados com o apag\u00e3o, 1 milh\u00e3o de consumidores tiveram o retorno da energia na mesma noite.\n<\/p>\n<p>\u201cA companhia precisou reconstruir trechos inteiros da rede el\u00e9trica e restabeleceu a energia gradativamente para todos os clientes afetados em menos de seis dias\u201d, disse a Enel, em comunicado.\n<\/p>\n<p>Enel j\u00e1 recebeu outras multas por apag\u00e3o<br \/>De acordo com o Procon-SP, esta \u00e9 a terceira multa enviada \u00e0 Enel dentro em um ano, todas pelo motivo de m\u00e1 presta\u00e7\u00e3o de servi\u00e7os em ocorr\u00eancias de outros apag\u00f5es.\n<\/p>\n<p>Em novembro do ano passado, a Enel foi penalizada em R$ 12,7 milh\u00f5es depois de um apag\u00e3o afetar mais de 2,1 milh\u00f5es de pessoas por dias.\n<\/p>\n<p>Uma segunda multa, tamb\u00e9m de R$ 12,7 milh\u00f5es, foi aplicada por falhas em mar\u00e7o deste ano.\n<\/p>\n<p>\u201cJ\u00e1 os prazos para recurso da segunda autua\u00e7\u00e3o, feita no primeiro trimestre deste ano (apag\u00e3o de mar\u00e7o), tamb\u00e9m de R$ 12,7 milh\u00f5es, ainda se encontram vigentes\u201d, informou o Procon-SP, em nota.\n<\/p>\n<p>Fonte: Revista Oeste              <\/p>\n<\/div>\n<p><br \/>\n<br \/><a href=\"https:\/\/diariodobrasilnoticias.com.br\/noticia\/procon-multa-enel-em-r-13-3-milhoes-por-apagao-em-sao-paulo-672bac3c7aafb\">Source link <\/a><\/p>","protected":false},"excerpt":{"rendered":"<p>A Funda\u00e7\u00e3o de Prote\u00e7\u00e3o e Defesa do Consumidor do Estado de S\u00e3o Paulo (Procon-SP) multou a Enel na segunda-feira 4 em R$ 13,3 milh\u00f5es. Segundo o \u00f3rg\u00e3o, a companhia apresentou&hellip;<\/p>","protected":false},"author":1,"featured_media":55418,"comment_status":"closed","ping_status":"open","sticky":false,"template":"","format":"standard","meta":{"content-type":"","footnotes":""},"categories":[16],"tags":[123,2448,5313,1267],"class_list":["post-55417","post","type-post","status-publish","format-standard","has-post-thumbnail","hentry","category-noticias","tag-brasil","tag-diario","tag-noticia","tag-noticias"],"_links":{"self":[{"href":"https:\/\/tvbrazilusa.com\/pt\/wp-json\/wp\/v2\/posts\/55417","targetHints":{"allow":["GET"]}}],"collection":[{"href":"https:\/\/tvbrazilusa.com\/pt\/wp-json\/wp\/v2\/posts"}],"about":[{"href":"https:\/\/tvbrazilusa.com\/pt\/wp-json\/wp\/v2\/types\/post"}],"author":[{"embeddable":true,"href":"https:\/\/tvbrazilusa.com\/pt\/wp-json\/wp\/v2\/users\/1"}],"replies":[{"embeddable":true,"href":"https:\/\/tvbrazilusa.com\/pt\/wp-json\/wp\/v2\/comments?post=55417"}],"version-history":[{"count":1,"href":"https:\/\/tvbrazilusa.com\/pt\/wp-json\/wp\/v2\/posts\/55417\/revisions"}],"predecessor-version":[{"id":55419,"href":"https:\/\/tvbrazilusa.com\/pt\/wp-json\/wp\/v2\/posts\/55417\/revisions\/55419"}],"wp:featuredmedia":[{"embeddable":true,"href":"https:\/\/tvbrazilusa.com\/pt\/wp-json\/wp\/v2\/media\/55418"}],"wp:attachment":[{"href":"https:\/\/tvbrazilusa.com\/pt\/wp-json\/wp\/v2\/media?parent=55417"}],"wp:term":[{"taxonomy":"category","embeddable":true,"href":"https:\/\/tvbrazilusa.com\/pt\/wp-json\/wp\/v2\/categories?post=55417"},{"taxonomy":"post_tag","embeddable":true,"href":"https:\/\/tvbrazilusa.com\/pt\/wp-json\/wp\/v2\/tags?post=55417"}],"curies":[{"name":"wp","href":"https:\/\/api.w.org\/{rel}","templated":true}]}}