{"id":55420,"date":"2024-11-06T18:41:36","date_gmt":"2024-11-06T18:41:36","guid":{"rendered":"https:\/\/tvbrazilusa.com\/2024\/11\/06\/clay-sheriff-michelle-cook-lista-suas-prioridades-para-o-segundo-mandato-jacksonville-hoje\/"},"modified":"2024-11-06T18:52:44","modified_gmt":"2024-11-06T18:52:44","slug":"clay-sheriff-michelle-cook-lista-suas-prioridades-para-o-segundo-mandato-jacksonville-hoje","status":"publish","type":"post","link":"https:\/\/tvbrazilusa.com\/pt\/2024\/11\/06\/clay-sheriff-michelle-cook-lista-suas-prioridades-para-o-segundo-mandato-jacksonville-hoje\/","title":{"rendered":"Clay Sheriff Michelle Cook lista suas prioridades para o segundo mandato | Jacksonville hoje"},"content":{"rendered":"<p> <script async src=\"https:\/\/pagead2.googlesyndication.com\/pagead\/js\/adsbygoogle.js?client=ca-pub-8864793242727901\"\r\n     crossorigin=\"anonymous\"><\/script><br \/>\n<\/p>\n<div>\n<p><a href=\"https:\/\/www.claysheriff.com\/\" rel=\"nofollow noopener\" target=\"_blank\">Xerife do condado de Clay<\/a> Michelle Cook diz que tem tr\u00eas prioridades principais a enfrentar enquanto se prepara para o seu segundo mandato: crescimento, rela\u00e7\u00f5es comunit\u00e1rias e combate ao crime.<\/p>\n<p>Muito do que ela priorizar\u00e1 se deve ao tamanho crescente do condado, disse ela <em>Jacksonville hoje<\/em>.<\/p>\n<p>Cook derrotou o ex-xerife Darryl Daniels com quase 80% dos votos nas elei\u00e7\u00f5es de ter\u00e7a-feira.<\/p>\n<p>Ela disse que a resposta do eleitor a humilha e a gratifica enquanto ela se prepara para <a href=\"https:\/\/jaxtoday.org\/2023\/03\/23\/clay-county-jail-is-packed-a-new-one-may-be-necessary\/\">focar em quest\u00f5es de crescimento<\/a> em um condado de mais de 230.000 habitantes.<\/p>\n<p>\u201c\u00c9 preciso focar nas instala\u00e7\u00f5es. Tenho pessoas e outras coisas em 30 edif\u00edcios diferentes no momento, e essa n\u00e3o \u00e9 uma forma eficiente de administrar uma ag\u00eancia\u201d, disse Cook. \u201cOs relacionamentos s\u00e3o a segunda prioridade \u2013 continuar a ser transparentes e respons\u00e1veis \u200b\u200bperante o p\u00fablico e, com isso, passaremos para o programa de c\u00e2meras usadas no corpo no pr\u00f3ximo ano e acabamos de concluir nossos testes e avalia\u00e7\u00e3o.\u201d<\/p>\n<p>Bodycams podem chegar \u00e0s ruas no pr\u00f3ximo ano, disse Cook.<\/p>\n<p>O departamento tamb\u00e9m precisa contratar mais deputados para lidar com o crescimento, ap\u00f3s o Gabinete do Xerife <a href=\"https:\/\/jaxtoday.org\/2024\/07\/10\/clay-county-sheriffs-office-takes-over-school-police\/\">assumiu o controle do distrito escolar do condado de Clay<\/a> departamento de pol\u00edcia. O distrito escolar cuida da seguran\u00e7a escolar desde 2019 com oficiais de recursos escolares em tempo integral.<\/p>\n<p>Cook disse que tamb\u00e9m continuar\u00e1 a se concentrar no crime, que atinge o n\u00edvel mais baixo em 10 anos no condado de Clay.<\/p>\n<p>Cook derrotou Daniels pela primeira vez em agosto de 2021, depois que o governador o destituiu do cargo ap\u00f3s sua pris\u00e3o em um esc\u00e2ndalo sexual. Cook foi nomeado para encerrar o mandato de Daniel a pedido do governador.<\/p>\n<p>Cook nasceu em Green Cove Springs e se aposentou do Gabinete do Xerife de Jacksonville como diretora de patrulha e fiscaliza\u00e7\u00e3o para se tornar chefe de pol\u00edcia de Atlantic Beach em 2017. Ela \u00e9 a primeira mulher xerife do condado de Clay.<\/p>\n<\/div>\n<p><br \/>\n<br \/><a href=\"https:\/\/jaxtoday.org\/2024\/11\/06\/clay-sheriff-michelle-cook-priorities\/\">Source link <\/a><\/p>","protected":false},"excerpt":{"rendered":"<p>Xerife do condado de Clay Michelle Cook diz que tem tr\u00eas prioridades principais a enfrentar enquanto se prepara para o seu segundo mandato: crescimento, rela\u00e7\u00f5es comunit\u00e1rias e combate ao crime.&hellip;<\/p>","protected":false},"author":1,"featured_media":55421,"comment_status":"closed","ping_status":"open","sticky":false,"template":"","format":"standard","meta":{"content-type":"","footnotes":""},"categories":[1],"tags":[],"class_list":["post-55420","post","type-post","status-publish","format-standard","has-post-thumbnail","hentry","category-uncategorized"],"_links":{"self":[{"href":"https:\/\/tvbrazilusa.com\/pt\/wp-json\/wp\/v2\/posts\/55420","targetHints":{"allow":["GET"]}}],"collection":[{"href":"https:\/\/tvbrazilusa.com\/pt\/wp-json\/wp\/v2\/posts"}],"about":[{"href":"https:\/\/tvbrazilusa.com\/pt\/wp-json\/wp\/v2\/types\/post"}],"author":[{"embeddable":true,"href":"https:\/\/tvbrazilusa.com\/pt\/wp-json\/wp\/v2\/users\/1"}],"replies":[{"embeddable":true,"href":"https:\/\/tvbrazilusa.com\/pt\/wp-json\/wp\/v2\/comments?post=55420"}],"version-history":[{"count":1,"href":"https:\/\/tvbrazilusa.com\/pt\/wp-json\/wp\/v2\/posts\/55420\/revisions"}],"predecessor-version":[{"id":55422,"href":"https:\/\/tvbrazilusa.com\/pt\/wp-json\/wp\/v2\/posts\/55420\/revisions\/55422"}],"wp:featuredmedia":[{"embeddable":true,"href":"https:\/\/tvbrazilusa.com\/pt\/wp-json\/wp\/v2\/media\/55421"}],"wp:attachment":[{"href":"https:\/\/tvbrazilusa.com\/pt\/wp-json\/wp\/v2\/media?parent=55420"}],"wp:term":[{"taxonomy":"category","embeddable":true,"href":"https:\/\/tvbrazilusa.com\/pt\/wp-json\/wp\/v2\/categories?post=55420"},{"taxonomy":"post_tag","embeddable":true,"href":"https:\/\/tvbrazilusa.com\/pt\/wp-json\/wp\/v2\/tags?post=55420"}],"curies":[{"name":"wp","href":"https:\/\/api.w.org\/{rel}","templated":true}]}}