{"id":55429,"date":"2024-11-06T19:23:13","date_gmt":"2024-11-06T19:23:13","guid":{"rendered":"https:\/\/tvbrazilusa.com\/2024\/11\/06\/com-o-passaporte-retido-pela-policia-federalo-o-presidente-jair-bolsonaro-ainda-esta-impossibilitado-de-cumprir-compromissos-no-exterior\/"},"modified":"2024-11-06T19:23:14","modified_gmt":"2024-11-06T19:23:14","slug":"com-o-passaporte-retido-pela-policia-federalo-o-presidente-jair-bolsonaro-ainda-esta-impossibilitado-de-cumprir-compromissos-no-exterior","status":"publish","type":"post","link":"https:\/\/tvbrazilusa.com\/pt\/2024\/11\/06\/com-o-passaporte-retido-pela-policia-federalo-o-presidente-jair-bolsonaro-ainda-esta-impossibilitado-de-cumprir-compromissos-no-exterior\/","title":{"rendered":"Com o passaporte retido pela Pol\u00edcia Federalo, o Presidente Jair Bolsonaro ainda est\u00e1 impossibilitado de cumprir compromissos no exterior."},"content":{"rendered":"<p> <script async src=\"https:\/\/pagead2.googlesyndication.com\/pagead\/js\/adsbygoogle.js?client=ca-pub-8864793242727901\"\r\n     crossorigin=\"anonymous\"><\/script><br \/>\n<\/p>\n<div id=\"taboola-read-more\" style=\"display:block; width:100%\">\n<p>Com o passaporte retido pela Pol\u00edcia Federal, o Presidente Jair Bolsonaro est\u00e1 impossibilitado h\u00e1 quase um ano de cumprir compromissos no exterior. Obviamente nada disso \u00e9 por acaso e todo o enredo dos motivos que levaram a aplicar tal covardia tem muito m\u00e9todo. Ent\u00e3o surgem os intergal\u00e1cticos fingindo dem\u00eancia para tentar desgastar Bolsonaro e se colocarem no jogo. Tudo absolutamente orquestrado pelo sistema. S\u00f3 tem bobinho no mundo dos &#8220;far\u00e7antes&#8221;.\n<\/p>\n<p>Fonte: @carlosbolsonaro<\/p>\n<\/p><\/div>\n<p><br \/>\n<br \/><a href=\"https:\/\/diariodobrasilnoticias.com.br\/noticia\/com-o-passaporte-retido-pela-policia-federalo-o-presidente-jair-bolsonaro-ainda-esta-impossibilitado-de-cumprir-compromissos-no-exterior-672bad4e2d57d\">Source link <\/a><\/p>","protected":false},"excerpt":{"rendered":"<p>Com o passaporte retido pela Pol\u00edcia Federal, o Presidente Jair Bolsonaro est\u00e1 impossibilitado h\u00e1 quase um ano de cumprir compromissos no exterior. Obviamente nada disso \u00e9 por acaso e todo&hellip;<\/p>","protected":false},"author":1,"featured_media":55430,"comment_status":"closed","ping_status":"open","sticky":false,"template":"","format":"standard","meta":{"content-type":"","footnotes":""},"categories":[16],"tags":[123,2448,5313,1267],"class_list":["post-55429","post","type-post","status-publish","format-standard","has-post-thumbnail","hentry","category-noticias","tag-brasil","tag-diario","tag-noticia","tag-noticias"],"_links":{"self":[{"href":"https:\/\/tvbrazilusa.com\/pt\/wp-json\/wp\/v2\/posts\/55429","targetHints":{"allow":["GET"]}}],"collection":[{"href":"https:\/\/tvbrazilusa.com\/pt\/wp-json\/wp\/v2\/posts"}],"about":[{"href":"https:\/\/tvbrazilusa.com\/pt\/wp-json\/wp\/v2\/types\/post"}],"author":[{"embeddable":true,"href":"https:\/\/tvbrazilusa.com\/pt\/wp-json\/wp\/v2\/users\/1"}],"replies":[{"embeddable":true,"href":"https:\/\/tvbrazilusa.com\/pt\/wp-json\/wp\/v2\/comments?post=55429"}],"version-history":[{"count":1,"href":"https:\/\/tvbrazilusa.com\/pt\/wp-json\/wp\/v2\/posts\/55429\/revisions"}],"predecessor-version":[{"id":55431,"href":"https:\/\/tvbrazilusa.com\/pt\/wp-json\/wp\/v2\/posts\/55429\/revisions\/55431"}],"wp:featuredmedia":[{"embeddable":true,"href":"https:\/\/tvbrazilusa.com\/pt\/wp-json\/wp\/v2\/media\/55430"}],"wp:attachment":[{"href":"https:\/\/tvbrazilusa.com\/pt\/wp-json\/wp\/v2\/media?parent=55429"}],"wp:term":[{"taxonomy":"category","embeddable":true,"href":"https:\/\/tvbrazilusa.com\/pt\/wp-json\/wp\/v2\/categories?post=55429"},{"taxonomy":"post_tag","embeddable":true,"href":"https:\/\/tvbrazilusa.com\/pt\/wp-json\/wp\/v2\/tags?post=55429"}],"curies":[{"name":"wp","href":"https:\/\/api.w.org\/{rel}","templated":true}]}}