{"id":55492,"date":"2024-11-06T22:29:22","date_gmt":"2024-11-06T22:29:22","guid":{"rendered":"https:\/\/tvbrazilusa.com\/2024\/11\/06\/kamala-harris-vai-fazer-discurso-da-derrota-nesta-quarta-feira\/"},"modified":"2024-11-06T22:29:24","modified_gmt":"2024-11-06T22:29:24","slug":"kamala-harris-vai-fazer-discurso-da-derrota-nesta-quarta-feira","status":"publish","type":"post","link":"https:\/\/tvbrazilusa.com\/pt\/2024\/11\/06\/kamala-harris-vai-fazer-discurso-da-derrota-nesta-quarta-feira\/","title":{"rendered":"Kamala Harris vai fazer discurso da derrota nesta quarta-feira"},"content":{"rendered":"<p> <script async src=\"https:\/\/pagead2.googlesyndication.com\/pagead\/js\/adsbygoogle.js?client=ca-pub-8864793242727901\"\r\n     crossorigin=\"anonymous\"><\/script><br \/>\n<\/p>\n<div>\n<figure class=\"post-image\">\n<\/figure>\n<p>            <span style=\"font-size: 12px\">Foto: EFE\/ David Muse<\/span><\/p>\n<p>            <!-- end metas --><br \/>\n            <!-- ADS --><\/p>\n<div id=\"taboola-read-more\" style=\"display:block; width:100%\">\n<p>Ainda sem fazer qualquer pronunciamento ap\u00f3s a vit\u00f3ria do ex-presidente Donald Trump nas elei\u00e7\u00f5es presidenciais americanas ser oficializada na manh\u00e3 desta quarta-feira (6), a vice-presidente Kamala Harris deve vir a p\u00fablico na noite desta quarta para discursar publicamente admitindo a derrota no pleito.\n<\/p>\n<p>De acordo com o gabinete de Kamala, a democrata falar\u00e1 \u00e0s 16h pelo hor\u00e1rio local (18h, pelo hor\u00e1rio de Bras\u00edlia), na Universidade Howard, em Washington, mesmo local de onde ela acompanhava a apura\u00e7\u00e3o desde a noite desta ter\u00e7a (5) e do qual foi embora j\u00e1 no in\u00edcio da madrugada desta quarta quando a vit\u00f3ria de Trump passou a ser dada como certa.<\/p>\n<p>De acordo com as proje\u00e7\u00f5es da ag\u00eancia Associated Press, a vit\u00f3ria de Trump nas elei\u00e7\u00f5es americanas foi oficializada \u00e0s 7h30 desta quarta, pelo hor\u00e1rio de Bras\u00edlia, ap\u00f3s o republicano vencer o estado de Wisconsin e ultrapassar a marca de 270 delegados necess\u00e1ria para ser o pr\u00f3ximo presidente.\n<\/p>\n<p>Fonte: Pleno News              <\/p>\n<\/div>\n<p>                        <!-- Scripts para conteudo --><\/p>\n<p>            <!-- .\/Scripts para conteudo --><br \/>\n            <!-- .\/Mat\u00e9ria --><\/p>\n<div class=\"row mt-3\">\n<div class=\"col-sm-6\">\n                <!-- Whatsapp channel 3--><br \/>\n                <a href=\"https:\/\/chat.whatsapp.com\/J6hwSKYns5B0XFowx2wZ0P\" target=\"_blank\" rel=\"noopener\"><br \/>\n                  <img decoding=\"async\" src=\"https:\/\/diariodobrasilnoticias.com.br\/assets-site\/images\/bot_whatsapp.png\"\/><\/a>\n              <\/div>\n<div class=\"col-sm-6\">\n                <a href=\"https:\/\/t.me\/+_4gTmi5LKo03OTM5\" target=\"_blank\" rel=\"noopener\"><br \/>\n                  <img decoding=\"async\" src=\"https:\/\/diariodobrasilnoticias.com.br\/assets-site\/images\/bot_telegram.png\"\/><\/a>\n              <\/div>\n<\/p><\/div>\n<p>            <!-- end post-navigation --><\/p>\n<p>              <!-- end row --><\/p>\n<p>              <!-- end col-12-->\n                      <\/div>\n<p><br \/>\n<br \/><a href=\"https:\/\/diariodobrasilnoticias.com.br\/noticia\/kamala-harris-vai-fazer-discurso-da-derrota-nesta-quarta-feira-672bcf4eda681\">Source link <\/a><\/p>","protected":false},"excerpt":{"rendered":"<p>Foto: EFE\/ David Muse Ainda sem fazer qualquer pronunciamento ap\u00f3s a vit\u00f3ria do ex-presidente Donald Trump nas elei\u00e7\u00f5es presidenciais americanas ser oficializada na manh\u00e3 desta quarta-feira (6), a vice-presidente Kamala&hellip;<\/p>","protected":false},"author":1,"featured_media":55493,"comment_status":"closed","ping_status":"open","sticky":false,"template":"","format":"standard","meta":{"content-type":"","footnotes":""},"categories":[16],"tags":[123,2448,5313,1267],"class_list":["post-55492","post","type-post","status-publish","format-standard","has-post-thumbnail","hentry","category-noticias","tag-brasil","tag-diario","tag-noticia","tag-noticias"],"_links":{"self":[{"href":"https:\/\/tvbrazilusa.com\/pt\/wp-json\/wp\/v2\/posts\/55492","targetHints":{"allow":["GET"]}}],"collection":[{"href":"https:\/\/tvbrazilusa.com\/pt\/wp-json\/wp\/v2\/posts"}],"about":[{"href":"https:\/\/tvbrazilusa.com\/pt\/wp-json\/wp\/v2\/types\/post"}],"author":[{"embeddable":true,"href":"https:\/\/tvbrazilusa.com\/pt\/wp-json\/wp\/v2\/users\/1"}],"replies":[{"embeddable":true,"href":"https:\/\/tvbrazilusa.com\/pt\/wp-json\/wp\/v2\/comments?post=55492"}],"version-history":[{"count":1,"href":"https:\/\/tvbrazilusa.com\/pt\/wp-json\/wp\/v2\/posts\/55492\/revisions"}],"predecessor-version":[{"id":55494,"href":"https:\/\/tvbrazilusa.com\/pt\/wp-json\/wp\/v2\/posts\/55492\/revisions\/55494"}],"wp:featuredmedia":[{"embeddable":true,"href":"https:\/\/tvbrazilusa.com\/pt\/wp-json\/wp\/v2\/media\/55493"}],"wp:attachment":[{"href":"https:\/\/tvbrazilusa.com\/pt\/wp-json\/wp\/v2\/media?parent=55492"}],"wp:term":[{"taxonomy":"category","embeddable":true,"href":"https:\/\/tvbrazilusa.com\/pt\/wp-json\/wp\/v2\/categories?post=55492"},{"taxonomy":"post_tag","embeddable":true,"href":"https:\/\/tvbrazilusa.com\/pt\/wp-json\/wp\/v2\/tags?post=55492"}],"curies":[{"name":"wp","href":"https:\/\/api.w.org\/{rel}","templated":true}]}}