{"id":55522,"date":"2024-11-07T00:11:18","date_gmt":"2024-11-07T00:11:18","guid":{"rendered":"https:\/\/tvbrazilusa.com\/2024\/11\/07\/por-telefone-kamala-felicita-trump-pela-vitoria-na-eleicao\/"},"modified":"2024-11-07T00:11:19","modified_gmt":"2024-11-07T00:11:19","slug":"por-telefone-kamala-felicita-trump-pela-vitoria-na-eleicao","status":"publish","type":"post","link":"https:\/\/tvbrazilusa.com\/pt\/2024\/11\/07\/por-telefone-kamala-felicita-trump-pela-vitoria-na-eleicao\/","title":{"rendered":"Por telefone, Kamala felicita Trump pela vit\u00f3ria na elei\u00e7\u00e3o"},"content":{"rendered":"<p> <script async src=\"https:\/\/pagead2.googlesyndication.com\/pagead\/js\/adsbygoogle.js?client=ca-pub-8864793242727901\"\r\n     crossorigin=\"anonymous\"><\/script><br \/>\n<\/p>\n<div id=\"taboola-read-more\" style=\"display:block; width:100%\">\n<p>Nesta quarta-feira (6), a vice-presidente dos Estados Unidos, Kamala Harris, telefonou para o ex-presidente Donald Trump para parabeniz\u00e1-lo pela vit\u00f3ria nas elei\u00e7\u00f5es de ter\u00e7a-feira para a Casa Branca.\n<\/p>\n<p>A campanha de Kamala informou que, na conversa, a candidata pelo Partido Democrata enfatizou a import\u00e2ncia de uma transi\u00e7\u00e3o \u201cpac\u00edfica\u201d de poder e que Trump seja presidente \u201cpara todos os americanos\u201d.<\/p>\n<p>O telefonema foi feito pouco antes de Kamala discursar para a na\u00e7\u00e3o, na Universidade Howard, sobre o resultado da elei\u00e7\u00e3o.\n<\/p>\n<p>Esse discurso estava programado para acontecer ontem, ao final do dia de vota\u00e7\u00e3o, mas foi adiado para hoje, ap\u00f3s Trump come\u00e7ar a abrir vantagem na apura\u00e7\u00e3o.\n<\/p>\n<p>De acordo com as proje\u00e7\u00f5es das redes de TV CNN e NBC News, e enquanto se aguarda a recontagem nos chamados swing states (estados pendulares, por n\u00e3o terem prefer\u00eancia clara do eleitorado entre candidatos democratas e republicanos) de Nevada e Arizona, Trump j\u00e1 conquistou 292 delegados no Col\u00e9gio Eleitoral, 22 a mais que o n\u00famero necess\u00e1rio para ser declarado vencedor. Kamala, por sua vez, somava 224.\n<\/p>\n<p>Fonte: Pleno News              <\/p>\n<\/div>\n<p><br \/>\n<br \/><a href=\"https:\/\/diariodobrasilnoticias.com.br\/noticia\/por-telefone-kamala-felicita-trump-pela-vitoria-na-eleicao-672be02b1a981\">Source link <\/a><\/p>","protected":false},"excerpt":{"rendered":"<p>Nesta quarta-feira (6), a vice-presidente dos Estados Unidos, Kamala Harris, telefonou para o ex-presidente Donald Trump para parabeniz\u00e1-lo pela vit\u00f3ria nas elei\u00e7\u00f5es de ter\u00e7a-feira para a Casa Branca. A campanha&hellip;<\/p>","protected":false},"author":1,"featured_media":55523,"comment_status":"closed","ping_status":"open","sticky":false,"template":"","format":"standard","meta":{"content-type":"","footnotes":""},"categories":[16],"tags":[123,2448,5313,1267],"class_list":["post-55522","post","type-post","status-publish","format-standard","has-post-thumbnail","hentry","category-noticias","tag-brasil","tag-diario","tag-noticia","tag-noticias"],"_links":{"self":[{"href":"https:\/\/tvbrazilusa.com\/pt\/wp-json\/wp\/v2\/posts\/55522","targetHints":{"allow":["GET"]}}],"collection":[{"href":"https:\/\/tvbrazilusa.com\/pt\/wp-json\/wp\/v2\/posts"}],"about":[{"href":"https:\/\/tvbrazilusa.com\/pt\/wp-json\/wp\/v2\/types\/post"}],"author":[{"embeddable":true,"href":"https:\/\/tvbrazilusa.com\/pt\/wp-json\/wp\/v2\/users\/1"}],"replies":[{"embeddable":true,"href":"https:\/\/tvbrazilusa.com\/pt\/wp-json\/wp\/v2\/comments?post=55522"}],"version-history":[{"count":1,"href":"https:\/\/tvbrazilusa.com\/pt\/wp-json\/wp\/v2\/posts\/55522\/revisions"}],"predecessor-version":[{"id":55524,"href":"https:\/\/tvbrazilusa.com\/pt\/wp-json\/wp\/v2\/posts\/55522\/revisions\/55524"}],"wp:featuredmedia":[{"embeddable":true,"href":"https:\/\/tvbrazilusa.com\/pt\/wp-json\/wp\/v2\/media\/55523"}],"wp:attachment":[{"href":"https:\/\/tvbrazilusa.com\/pt\/wp-json\/wp\/v2\/media?parent=55522"}],"wp:term":[{"taxonomy":"category","embeddable":true,"href":"https:\/\/tvbrazilusa.com\/pt\/wp-json\/wp\/v2\/categories?post=55522"},{"taxonomy":"post_tag","embeddable":true,"href":"https:\/\/tvbrazilusa.com\/pt\/wp-json\/wp\/v2\/tags?post=55522"}],"curies":[{"name":"wp","href":"https:\/\/api.w.org\/{rel}","templated":true}]}}