{"id":55528,"date":"2024-11-07T00:30:34","date_gmt":"2024-11-07T00:30:34","guid":{"rendered":"https:\/\/tvbrazilusa.com\/2024\/11\/07\/os-principais-democratas-de-connecticut-expressam-preocupacoes-apos-a-vitoria-de-trump\/"},"modified":"2024-11-07T00:32:53","modified_gmt":"2024-11-07T00:32:53","slug":"os-principais-democratas-de-connecticut-expressam-preocupacoes-apos-a-vitoria-de-trump","status":"publish","type":"post","link":"https:\/\/tvbrazilusa.com\/pt\/2024\/11\/07\/os-principais-democratas-de-connecticut-expressam-preocupacoes-apos-a-vitoria-de-trump\/","title":{"rendered":"Os principais democratas de Connecticut expressam preocupa\u00e7\u00f5es ap\u00f3s a vit\u00f3ria de Trump"},"content":{"rendered":"<script async src=\"https:\/\/pagead2.googlesyndication.com\/pagead\/js\/adsbygoogle.js?client=ca-pub-8864793242727901\"\r\n     crossorigin=\"anonymous\"><\/script>\n<p>HARTFORD, Connecticut (WTNH) \u2013 Alguns dos principais democratas de Connecticut expressaram preocupa\u00e7\u00f5es sobre como o presidente eleito Donald Trump exerceria o poder quando retornar ao Sal\u00e3o Oval.<\/p>\n<div class=\"nlp-ignore-block article-content rich-text\">\n<aside class=\"promo-link\">\n\t<a href=\"https:\/\/www.wtnh.com\/news\/elections\/quinnipiac-university-professor-provides-insights-on-trumps-win\/?ipid=promo-link-block1\" class=\"promo-link__link\" target=\"\"_blank\"\"><\/p>\n<p>\t\tProfessor da Universidade Quinnipiac fornece insights sobre a vit\u00f3ria de Trump\t<\/a><br \/>\n<\/aside>\n<\/div>\n<p>\u201cS\u00f3 quero ser honesto com voc\u00eas, estou muito preocupado que Trump esteja falando s\u00e9rio quando diz que ser\u00e1 um ditador no primeiro dia\u201d, disse o senador norte-americano Chris Murphy (D-Conn). \u201cQuero dizer, n\u00e3o acho que esteja fora da possibilidade que este Departamento de Justi\u00e7a v\u00e1 ca\u00e7ar seus inimigos pol\u00edticos.\u201d<\/p>\n<p>O procurador-geral do estado, William Tong, repetiu alguns dos coment\u00e1rios de Murphy, dizendo que est\u00e1 pronto para enfrentar o pr\u00f3ximo governo Trump.<\/p>\n<p>\u201cSe algu\u00e9m tentar entrar em nossos estados e tirar vantagem, roubar ou atacar as pessoas e fam\u00edlias em nossos estados, n\u00f3s os impediremos\u201d, disse Tong.<\/p>\n<p>O aborto \u00e9 um dos medos mais comuns entre os democratas. Al\u00e9m da Casa Branca, os republicanos tamb\u00e9m assumiram o controle do Senado. <\/p>\n<p>\u201cA proibi\u00e7\u00e3o nacional do aborto ir\u00e1 anular a lei estadual em Connecticut\u201d, disse o senador norte-americano Richard Blumenthal (D-Conn). &#8220;Essa \u00e9 apenas uma realidade do sistema federal. Portanto, precisamos estar preparados para uma luta. N\u00e3o h\u00e1 d\u00favida de que as pessoas ao redor deste presidente querem proibir o aborto em todo o pa\u00eds.&#8221;<\/p>\n<div class=\"nlp-ignore-block article-content rich-text\">\n<aside class=\"promo-link\">\n\t<a href=\"https:\/\/www.wtnh.com\/news\/elections\/connecticut-voters-to-decide-on-absentee-ballot-amendment\/?ipid=promo-link-block2\" class=\"promo-link__link\" target=\"\"_blank\"\"><\/p>\n<p>\t\tEleitores de Connecticut aprovam emenda ao voto ausente\t<\/a><br \/>\n<\/aside>\n<\/div>\n<p>Blumenthal continuou dizendo que acreditava que alguns republicanos no Congresso trabalhariam para impedir a proibi\u00e7\u00e3o nacional do aborto.<\/p>\n<p>O senador estadual Steve Harding (R-Conn), o principal republicano do estado, disse que seus colegas apoiam amplamente o direito ao aborto.<\/p>\n<p>\u201cAcredito firmemente que Connecticut deveria ter uma legisla\u00e7\u00e3o sobre o aborto muito pr\u00f3-activa, positiva e liberal \u2013 que dever\u00edamos proporcionar \u00e0s mulheres acesso ao aborto e aos cuidados reprodutivos\u201d, disse Harding. \u201cAcho que a grande maioria dos republicanos de Connecticut, voc\u00ea sabe, acredita nos princ\u00edpios de Roe v. Wade, que est\u00e1 atualmente codificado em nossa lei estadual.\u201d<\/p>\n<p>Harding tamb\u00e9m disse que haveria momentos em que os republicanos de Connecticut discordariam de Trump, apesar de serem do mesmo partido.<\/p>\n<p>Assista ao v\u00eddeo completo no player acima.<\/p>\n<p><br \/>\n<br \/><a href=\"https:\/\/www.wtnh.com\/news\/elections\/connecticuts-top-democrats-express-concerns-following-trumps-win\/\">Source link <\/a><\/p>","protected":false},"excerpt":{"rendered":"<p>HARTFORD, Connecticut (WTNH) \u2013 Alguns dos principais democratas de Connecticut expressaram preocupa\u00e7\u00f5es sobre como o presidente eleito Donald Trump exerceria o poder quando retornar ao Sal\u00e3o Oval. Professor da Universidade&hellip;<\/p>","protected":false},"author":1,"featured_media":55529,"comment_status":"closed","ping_status":"open","sticky":false,"template":"","format":"standard","meta":{"content-type":"","footnotes":""},"categories":[1],"tags":[],"class_list":["post-55528","post","type-post","status-publish","format-standard","has-post-thumbnail","hentry","category-uncategorized"],"_links":{"self":[{"href":"https:\/\/tvbrazilusa.com\/pt\/wp-json\/wp\/v2\/posts\/55528","targetHints":{"allow":["GET"]}}],"collection":[{"href":"https:\/\/tvbrazilusa.com\/pt\/wp-json\/wp\/v2\/posts"}],"about":[{"href":"https:\/\/tvbrazilusa.com\/pt\/wp-json\/wp\/v2\/types\/post"}],"author":[{"embeddable":true,"href":"https:\/\/tvbrazilusa.com\/pt\/wp-json\/wp\/v2\/users\/1"}],"replies":[{"embeddable":true,"href":"https:\/\/tvbrazilusa.com\/pt\/wp-json\/wp\/v2\/comments?post=55528"}],"version-history":[{"count":1,"href":"https:\/\/tvbrazilusa.com\/pt\/wp-json\/wp\/v2\/posts\/55528\/revisions"}],"predecessor-version":[{"id":55530,"href":"https:\/\/tvbrazilusa.com\/pt\/wp-json\/wp\/v2\/posts\/55528\/revisions\/55530"}],"wp:featuredmedia":[{"embeddable":true,"href":"https:\/\/tvbrazilusa.com\/pt\/wp-json\/wp\/v2\/media\/55529"}],"wp:attachment":[{"href":"https:\/\/tvbrazilusa.com\/pt\/wp-json\/wp\/v2\/media?parent=55528"}],"wp:term":[{"taxonomy":"category","embeddable":true,"href":"https:\/\/tvbrazilusa.com\/pt\/wp-json\/wp\/v2\/categories?post=55528"},{"taxonomy":"post_tag","embeddable":true,"href":"https:\/\/tvbrazilusa.com\/pt\/wp-json\/wp\/v2\/tags?post=55528"}],"curies":[{"name":"wp","href":"https:\/\/api.w.org\/{rel}","templated":true}]}}