{"id":55534,"date":"2024-11-07T00:55:09","date_gmt":"2024-11-07T00:55:09","guid":{"rendered":"https:\/\/tvbrazilusa.com\/2024\/11\/07\/o-conselho-pretende-afastar-e-processar-medicos-que-se-recusam-a-realizar-aborto-em-menores-de-idade\/"},"modified":"2024-11-07T00:55:10","modified_gmt":"2024-11-07T00:55:10","slug":"o-conselho-pretende-afastar-e-processar-medicos-que-se-recusam-a-realizar-aborto-em-menores-de-idade","status":"publish","type":"post","link":"https:\/\/tvbrazilusa.com\/pt\/2024\/11\/07\/o-conselho-pretende-afastar-e-processar-medicos-que-se-recusam-a-realizar-aborto-em-menores-de-idade\/","title":{"rendered":"O conselho pretende afastar e processar m\u00e9dicos que se recusam a realizar aborto em menores de idade"},"content":{"rendered":"<p> <script async src=\"https:\/\/pagead2.googlesyndication.com\/pagead\/js\/adsbygoogle.js?client=ca-pub-8864793242727901\"\r\n     crossorigin=\"anonymous\"><\/script><br \/>\n<\/p>\n<div id=\"taboola-read-more\" style=\"display:block; width:100%\">\n<p>O Conselho Nacional dos Direitos da Crian\u00e7a e do Adolescente (Conanda) quer denunciar e afastar m\u00e9dicos que se recusam a fazer o aborto em menores de idade.\n<\/p>\n<p>A regra est\u00e1 inclusa em uma minuta de resolu\u00e7\u00e3o que regulamenta os atendimentos nos servi\u00e7os de sa\u00fade. O Conanda prop\u00f5e afastar os profissionais que se recusam, por convic\u00e7\u00f5es pessoais, a realizar o procedimento.<\/p>\n<p>A atual diretoria do \u00f3rg\u00e3o elaborou o texto. O documento passar\u00e1 por an\u00e1lise em uma assembleia do conselho, que est\u00e1 marcada para os dias 6 e 7 de novembro.\n<\/p>\n<p>O conte\u00fado da minuta gerou indigna\u00e7\u00e3o entre os m\u00e9dicos. Os profissionais da sa\u00fade alegam que a pauta confronta um dos principais pilares da profiss\u00e3o, que \u00e9 a obje\u00e7\u00e3o de consci\u00eancia.\n<\/p>\n<p>A obje\u00e7\u00e3o de consci\u00eancia \u00e9 um direito protegido pela Constitui\u00e7\u00e3o. Trata-se de pessoas que seguem princ\u00edpios religiosos, morais ou \u00e9ticos. A lei diz que \u201cningu\u00e9m ser\u00e1 privado de direitos por motivo de cren\u00e7a religiosa ou de convic\u00e7\u00e3o filos\u00f3fica e pol\u00edtica, salvo se as invocar para eximir-se de obriga\u00e7\u00e3o legal a todos imposta e recusar-se a cumprir presta\u00e7\u00e3o alternativa, fixada em lei\u201d.\n<\/p>\n<p>O texto da minuta, no entanto, diz que vai \u201cevitar a presen\u00e7a de profissionais objetores de consci\u00eancia em equipes destinadas \u00e0 presta\u00e7\u00e3o do servi\u00e7o de interrup\u00e7\u00e3o legal da gravidez\u201d. Isto \u00e9, o Conanda vai afastar os m\u00e9dicos que se negarem a realizar o aborto.\n<\/p>\n<p>Conselho quer processar m\u00e9dicos que se recusarem a fazer o aborto<br \/>O \u00f3rg\u00e3o tamb\u00e9m prop\u00f5e a\u00e7\u00f5es judiciais contra profissionais que se recusarem a realizar o aborto. O Conanda alega que a puni\u00e7\u00e3o \u00e9 necess\u00e1ria, pois as recusas podem representar \u201cviola\u00e7\u00e3o dos deveres \u00e9tico-profissionais e dos direitos de crian\u00e7as e adolescentes\u201d.\n<\/p>\n<p><strong>\u201cA recusa indevida em cumprir uma obriga\u00e7\u00e3o legal com base em convic\u00e7\u00f5es morais, pol\u00edticas, religiosas e cren\u00e7as pessoais deve ser denunciada aos conselhos de fiscaliza\u00e7\u00e3o profissional, aos conselhos de direitos e ao Minist\u00e9rio P\u00fablico\u201d, diz o texto.<\/strong>\n<\/p>\n<p>De acordo com a apura\u00e7\u00e3o do jornal Gazeta do Povo, alguns integrantes do Conselho Federal de Medicina (CFM) afirmaram que v\u00e3o ignorar o texto, caso aprovado. As fontes n\u00e3o falaram em nome da institui\u00e7\u00e3o.\n<\/p>\n<p>Segundo o obstetra Raphael C\u00e2mara, especialista no tema do aborto e conselheiro do CFM, nenhum conselho regional vai dar amparo \u00e0 proposta do Conanda. \u201cObje\u00e7\u00e3o da consci\u00eancia \u00e9 um pilar da medicina\u201d, afirmou. \u201cNos conselhos, isso n\u00e3o prospera de jeito nenhum. Pode na Justi\u00e7a, dependendo da cabe\u00e7a do ju\u00edz.\u201d\n<\/p>\n<p>Fonte: Revista Oeste              <\/p>\n<\/div>\n<p><br \/>\n<br \/><a href=\"https:\/\/diariodobrasilnoticias.com.br\/noticia\/o-conselho-pretende-afastar-e-processar-medicos-que-se-recusam-a-realizar-aborto-em-menores-de-idade-672beebb2c47b\">Source link <\/a><\/p>","protected":false},"excerpt":{"rendered":"<p>O Conselho Nacional dos Direitos da Crian\u00e7a e do Adolescente (Conanda) quer denunciar e afastar m\u00e9dicos que se recusam a fazer o aborto em menores de idade. A regra est\u00e1&hellip;<\/p>","protected":false},"author":1,"featured_media":55535,"comment_status":"closed","ping_status":"open","sticky":false,"template":"","format":"standard","meta":{"content-type":"","footnotes":""},"categories":[16],"tags":[123,2448,5313,1267],"class_list":["post-55534","post","type-post","status-publish","format-standard","has-post-thumbnail","hentry","category-noticias","tag-brasil","tag-diario","tag-noticia","tag-noticias"],"_links":{"self":[{"href":"https:\/\/tvbrazilusa.com\/pt\/wp-json\/wp\/v2\/posts\/55534","targetHints":{"allow":["GET"]}}],"collection":[{"href":"https:\/\/tvbrazilusa.com\/pt\/wp-json\/wp\/v2\/posts"}],"about":[{"href":"https:\/\/tvbrazilusa.com\/pt\/wp-json\/wp\/v2\/types\/post"}],"author":[{"embeddable":true,"href":"https:\/\/tvbrazilusa.com\/pt\/wp-json\/wp\/v2\/users\/1"}],"replies":[{"embeddable":true,"href":"https:\/\/tvbrazilusa.com\/pt\/wp-json\/wp\/v2\/comments?post=55534"}],"version-history":[{"count":1,"href":"https:\/\/tvbrazilusa.com\/pt\/wp-json\/wp\/v2\/posts\/55534\/revisions"}],"predecessor-version":[{"id":55536,"href":"https:\/\/tvbrazilusa.com\/pt\/wp-json\/wp\/v2\/posts\/55534\/revisions\/55536"}],"wp:featuredmedia":[{"embeddable":true,"href":"https:\/\/tvbrazilusa.com\/pt\/wp-json\/wp\/v2\/media\/55535"}],"wp:attachment":[{"href":"https:\/\/tvbrazilusa.com\/pt\/wp-json\/wp\/v2\/media?parent=55534"}],"wp:term":[{"taxonomy":"category","embeddable":true,"href":"https:\/\/tvbrazilusa.com\/pt\/wp-json\/wp\/v2\/categories?post=55534"},{"taxonomy":"post_tag","embeddable":true,"href":"https:\/\/tvbrazilusa.com\/pt\/wp-json\/wp\/v2\/tags?post=55534"}],"curies":[{"name":"wp","href":"https:\/\/api.w.org\/{rel}","templated":true}]}}