{"id":55540,"date":"2024-11-07T01:30:38","date_gmt":"2024-11-07T01:30:38","guid":{"rendered":"https:\/\/tvbrazilusa.com\/2024\/11\/07\/precisamos-aceitar-os-resultados-diz-kamala-em-discurso-apos-derrota-veja-video\/"},"modified":"2024-11-07T01:30:39","modified_gmt":"2024-11-07T01:30:39","slug":"precisamos-aceitar-os-resultados-diz-kamala-em-discurso-apos-derrota-veja-video","status":"publish","type":"post","link":"https:\/\/tvbrazilusa.com\/pt\/2024\/11\/07\/precisamos-aceitar-os-resultados-diz-kamala-em-discurso-apos-derrota-veja-video\/","title":{"rendered":"&#8216;Precisamos aceitar os resultados&#8217;, diz Kamala em discurso ap\u00f3s derrota; VEJA V\u00cdDEO"},"content":{"rendered":"<p> <script async src=\"https:\/\/pagead2.googlesyndication.com\/pagead\/js\/adsbygoogle.js?client=ca-pub-8864793242727901\"\r\n     crossorigin=\"anonymous\"><\/script><br \/>\n<\/p>\n<div id=\"taboola-read-more\" style=\"display:block; width:100%\">\n<p>Em discurso realizado no in\u00edcio da tarde desta quarta-feira (6), a vice-presidente dos Estados Unidos, Kamala Harris, reconheceu a derrota na elei\u00e7\u00e3o para a Casa Branca e afirmou que \u201c\u00e9 preciso aceitar os resultados\u201d.\n<\/p>\n<p>\u201cSei que as pessoas est\u00e3o sentindo uma s\u00e9rie de emo\u00e7\u00f5es agora, mas precisamos aceitar os resultados desta elei\u00e7\u00e3o\u201d, afirmou Kamala.<\/p>\n<p>Em seu pronunciamento, a candidata democrata afirmou que pretende auxiliar no processo de transi\u00e7\u00e3o de entre os governos de Joe Biden e Donald Trump \u2013que toma posse em janeiro do ano que vem.\n<\/p>\n<p>\u201cMais cedo eu conversei com o presidente eleito Donald Trump e o parabenizei pela sua vit\u00f3ria. Eu tamb\u00e9m o disse que n\u00f3s vamos ajud\u00e1-lo e \u00e0 sua equipe com a sua transi\u00e7\u00e3o de governo e vamos nos engajar em uma pac\u00edfica transfer\u00eancia de poder.\u201d\n<\/p>\n<p>Para Kamala, \u201cum princ\u00edpio fundamental da democracia americana\u201d \u00e9 o reconhecimento das derrotas eleitorais. \u201cQuando perdemos uma elei\u00e7\u00e3o, aceitamos os resultados. Este princ\u00edpio, assim como qualquer outro, distingue a democracia da monarquia ou da tirania. E qualquer um que busca a confian\u00e7a do p\u00fablico deve honrar esse princ\u00edpio.\u201d\n<\/p>\n<p>A vice-presidente afirmou que, mesmo com a derrota, \u201cn\u00e3o ir\u00e1 desistir\u201d. \u201cNunca vamos desistir da luta pela nossa democracia, pelo Estado de Direito, pela justi\u00e7a igualit\u00e1ria e pela ideia sagrada de que cada um de n\u00f3s, n\u00e3o importa quem somos ou de onde viemos, temos liberdades fundamentais e liberdades que devem ser respeitadas e apoiadas.\u201d\n<\/p>\n<p>\u201cA luta pela liberdade vai exigir muito trabalho. Mas, como eu digo sempre: n\u00f3s gostamos de trabalho duro. O trabalho duro \u00e9 um bom trabalho, que pode trazer alegria. E a luta pelo nosso pa\u00eds sempre vale a pena\u201d, acrescentou.\n<\/p>\n<p>A vice-presidente agradeceu ao presidente Joe Biden e a Tim Walz, que \u00e9 governador de Mionnesota e foi vice na chapa de Kamala.\n<\/p>\n<p>\u201cEstou muito orgulhosa da corrida que fizemos e da forma como concorremos durante 107 dias desta campanha. N\u00f3s tivemos o prop\u00f3sito de criar a comunidade e criar coaliz\u00f5es, unindo pessoas de todas as origens, unidas pelo amor a seu pa\u00eds, com entusiasmo e alegria em nossa luta pelo futuro da Am\u00e9rica.\u201d\n<\/p>\n<p><strong>VEJA V\u00cdDEO:<\/strong>\n<\/p>\n<p>Discurso de Trump<br \/>Ainda durante a madrugada desta quarta (pelo hor\u00e1rio de Bras\u00edlia), Trump fez um discurso proclamando sua vit\u00f3ria. Ele falou em unir o pa\u00eds e prometeu acabar com as guerras que est\u00e3o ocorrendo no mundo.\n<\/p>\n<p>\u201c\u00c9 o momento de deixar as divis\u00f5es dos \u00faltimos quatro anos para tr\u00e1s. \u00c9 hora de nos unirmos. N\u00f3s vamos tentar, n\u00f3s temos que tentar. E vai acontecer. O sucesso nos unir\u00e1\u201d, disse Trump.\n<\/p>\n<p>O republicano disse que \u201cj\u00e1 viu isso acontecer\u201d durante seu primeiro mandato. \u201c\u00c0 medida que n\u00f3s ganhamos mais sucesso, as pessoas come\u00e7aram a se unir. O sucesso ir\u00e1 nos unir.\u201d\n<\/p>\n<p>No discurso, o republicano tamb\u00e9m falou sobre conflitos mundiais em curso. \u201cDisseram que eu come\u00e7aria uma guerra. Mas eu n\u00e3o vou come\u00e7ar nenhuma guerra. Eu vou por fim a guerras.\u201d\n<\/p>\n<p>Fonte: CNN Brasil              <\/p>\n<\/div>\n<p><br \/>\n<br \/><a href=\"https:\/\/diariodobrasilnoticias.com.br\/noticia\/-precisamos-aceitar-os-resultados-diz-kamala-em-discurso-apos-derrota-veja-video-672beb09aed8a\">Source link <\/a><\/p>","protected":false},"excerpt":{"rendered":"<p>Em discurso realizado no in\u00edcio da tarde desta quarta-feira (6), a vice-presidente dos Estados Unidos, Kamala Harris, reconheceu a derrota na elei\u00e7\u00e3o para a Casa Branca e afirmou que \u201c\u00e9&hellip;<\/p>","protected":false},"author":1,"featured_media":55541,"comment_status":"closed","ping_status":"open","sticky":false,"template":"","format":"standard","meta":{"content-type":"","footnotes":""},"categories":[16],"tags":[123,2448,5313,1267],"class_list":["post-55540","post","type-post","status-publish","format-standard","has-post-thumbnail","hentry","category-noticias","tag-brasil","tag-diario","tag-noticia","tag-noticias"],"_links":{"self":[{"href":"https:\/\/tvbrazilusa.com\/pt\/wp-json\/wp\/v2\/posts\/55540","targetHints":{"allow":["GET"]}}],"collection":[{"href":"https:\/\/tvbrazilusa.com\/pt\/wp-json\/wp\/v2\/posts"}],"about":[{"href":"https:\/\/tvbrazilusa.com\/pt\/wp-json\/wp\/v2\/types\/post"}],"author":[{"embeddable":true,"href":"https:\/\/tvbrazilusa.com\/pt\/wp-json\/wp\/v2\/users\/1"}],"replies":[{"embeddable":true,"href":"https:\/\/tvbrazilusa.com\/pt\/wp-json\/wp\/v2\/comments?post=55540"}],"version-history":[{"count":1,"href":"https:\/\/tvbrazilusa.com\/pt\/wp-json\/wp\/v2\/posts\/55540\/revisions"}],"predecessor-version":[{"id":55542,"href":"https:\/\/tvbrazilusa.com\/pt\/wp-json\/wp\/v2\/posts\/55540\/revisions\/55542"}],"wp:featuredmedia":[{"embeddable":true,"href":"https:\/\/tvbrazilusa.com\/pt\/wp-json\/wp\/v2\/media\/55541"}],"wp:attachment":[{"href":"https:\/\/tvbrazilusa.com\/pt\/wp-json\/wp\/v2\/media?parent=55540"}],"wp:term":[{"taxonomy":"category","embeddable":true,"href":"https:\/\/tvbrazilusa.com\/pt\/wp-json\/wp\/v2\/categories?post=55540"},{"taxonomy":"post_tag","embeddable":true,"href":"https:\/\/tvbrazilusa.com\/pt\/wp-json\/wp\/v2\/tags?post=55540"}],"curies":[{"name":"wp","href":"https:\/\/api.w.org\/{rel}","templated":true}]}}