{"id":55546,"date":"2024-11-07T02:01:21","date_gmt":"2024-11-07T02:01:21","guid":{"rendered":"https:\/\/tvbrazilusa.com\/2024\/11\/07\/a-vitoria-de-trump-fortalece-a-relacao-entre-israel-e-eua-afirma-jornal\/"},"modified":"2024-11-07T02:01:22","modified_gmt":"2024-11-07T02:01:22","slug":"a-vitoria-de-trump-fortalece-a-relacao-entre-israel-e-eua-afirma-jornal","status":"publish","type":"post","link":"https:\/\/tvbrazilusa.com\/pt\/2024\/11\/07\/a-vitoria-de-trump-fortalece-a-relacao-entre-israel-e-eua-afirma-jornal\/","title":{"rendered":"A vit\u00f3ria de Trump fortalece a rela\u00e7\u00e3o entre Israel e EUA, afirma jornal"},"content":{"rendered":"<p> <script async src=\"https:\/\/pagead2.googlesyndication.com\/pagead\/js\/adsbygoogle.js?client=ca-pub-8864793242727901\"\r\n     crossorigin=\"anonymous\"><\/script><br \/>\n<\/p>\n<div id=\"taboola-read-more\" style=\"display:block; width:100%\">\n<p>A expectativa em Israel, com a vit\u00f3ria de Donald Trump nas elei\u00e7\u00f5es presidenciais norte-americanas, em resultado anunciado nesta quarta-feira, 6, \u00e9 a de que o novo presidente reforce os la\u00e7os entre o pa\u00eds judaico e os Estados Unidos (EUA).\n<\/p>\n<p>O presidente norte-americano, no entanto, j\u00e1 adiantou que trabalhar\u00e1 para por um fim ao conflito entre Israel e Hamas, iniciado com o ataque do grupo terrorista em 7 de outubro de 2023.<\/p>\n<p>Trump havia se encontrado em julho, em sua casa na Fl\u00f3rida, com o primeiro-ministro Benjamin Netanyahu, quando relatou muitos destes planos sobre a regi\u00e3o, caso fosse eleito.\n<\/p>\n<p>Durante a administra\u00e7\u00e3o de Joe Biden, os EUA assumiram a lideran\u00e7a diplom\u00e1tica em iniciativas de cessar-fogo e apoiaram Israel em quest\u00f5es de diplomacia, informou The Jerusalem Post.\n<\/p>\n<p>No campo militar, os EUA encabe\u00e7aram uma coaliz\u00e3o militar de prote\u00e7\u00e3o a Israel contra os ataques com m\u00edsseis iranianos. Tamb\u00e9m foram fornecidos apoio militar com armamentos e suprimentos. Biden, no entanto, teve uma postura reticente em alguns momentos.\n<\/p>\n<p>Trump prosseguir\u00e1 com esta pol\u00edtica de apoio, de forma mais contundente, mas assumir\u00e1 mais o papel de comandante das negocia\u00e7\u00f5es, na tentativa de dissuadir o Ir\u00e3 de manter a guerra com Israel e de enfraquecer o poder do Hezbollah.\n<\/p>\n<p>O presidente, para tanto, investir\u00e1 novamente em uma aproxima\u00e7\u00e3o entre Israel e Ar\u00e1bia Saudita, um dos seus objetivos quando atuou na formata\u00e7\u00e3o dos Acordos de Abra\u00e3o, que, em 2020, estabeleceram rela\u00e7\u00f5es diplom\u00e1ticas entre Israel e Emirados \u00c1rabes, Bahrein e Marrocos.\n<\/p>\n<p>\u201cTrump tamb\u00e9m foi positivo [no primeiro mandato] para Israel em tempos de paz, pois \u00e9 mais eficaz ao exercer o poder brando\u201d, declarou o jornal, nesta quarta-feira. \u201cEle retorna \u00e0 Casa Branca em um per\u00edodo de grandes guerras, incluindo no Oriente M\u00e9dio, que podem prenunciar uma potencial Terceira Guerra Mundial.\u201d\n<\/p>\n<p>H\u00e1, por\u00e9m, o desejo de evitar que esse conflito tenha in\u00edcio, conforme relatou a publica\u00e7\u00e3o.\n<\/p>\n<p>\u201cMesmo antes de sua vit\u00f3ria na elei\u00e7\u00e3o de ter\u00e7a-feira, ele havia prometido fazer paz tanto no Oriente M\u00e9dio quanto na Ucr\u00e2nia.\u201d\n<\/p>\n<p>Em outro editorial, antes das elei\u00e7\u00f5es, o Post j\u00e1 havia deixado impl\u00edcita a prefer\u00eancia pelo candidato republicano, em rela\u00e7\u00e3o \u00e0 sua advers\u00e1ria Kamala Harris.\n<\/p>\n<p>A candidata democrata n\u00e3o se colocou contra Israel mas, em algumas declara\u00e7\u00f5es, deu sinais de que o apoio, em caso de vit\u00f3ria, poderia ser revisto de algumas maneiras.\n<\/p>\n<p>Principalmente, para setores da sociedade israelense, quando ela n\u00e3o rejeitava a acusa\u00e7\u00e3o de que Israel comete genoc\u00eddio em Gaza.\n<\/p>\n<p>\u201cIsrael observa com esperan\u00e7a e preocupa\u00e7\u00e3o [as elei\u00e7\u00f5es]\u201d, deixou transparecer o editorial. \u201cNossa na\u00e7\u00e3o enfrenta uma luta sem precedentes, combatendo em v\u00e1rias frentes \u2013 com vizinhos ao norte e ao sul e at\u00e9 mesmo inimigos do outro lado do oceano\u201d, prosseguiu o texto.\n<\/p>\n<p>\u201cPara Israel, o peso dessa elei\u00e7\u00e3o vai al\u00e9m das t\u00edpicas mudan\u00e7as pol\u00edticas; precisamos de um aliado firme na Casa Branca, um l\u00edder que n\u00e3o apenas prometa apoio inabal\u00e1vel, mas que tamb\u00e9m compreenda verdadeiramente o papel de Israel como a \u00fanica democracia no Oriente M\u00e9dio.\u201d\n<\/p>\n<p>Para o jornal, havia diferen\u00e7as na vis\u00e3o dos dois candidatos, ao real\u00e7ar que Harris destacou na campanha o apoio \u00e0 comunidade mu\u00e7ulmana, pedindo o fim do que chamou de crise humanit\u00e1ria. J\u00e1 Trump assegurou aos norte-americanos que traria uma conclus\u00e3o r\u00e1pida para a guerra entre Israel e Hamas.\n<\/p>\n<p>\u00c9 isso que, de acordo com o jornal, o novo presidente deve priorizar. Afinal, o fim da guerra abre as possibilidades do retorno dos 101 ref\u00e9ns, ainda sob controle dos terroristas do Hamas. Acredita-se que pelo menos metade deles esteja viva.\n<\/p>\n<p>\u201cEssas declara\u00e7\u00f5es est\u00e3o sendo observadas atentamente aqui em Israel, onde mais de 100 cidad\u00e3os israelenses continuam em cativeiro nas m\u00e3os do Hamas em Gaza, de acordo com relatos, com cerca de metade deles temendo estar mortos\u201d, declarou o Post.\n<\/p>\n<p>\u201cPara n\u00f3s, que esperamos e torcemos pelo retorno seguro desses ref\u00e9ns, pedimos ao pr\u00f3ximo presidente dos EUA que priorize sua libera\u00e7\u00e3o como parte do compromisso norte-americano com a seguran\u00e7a de Israel. Com sua influ\u00eancia, os EUA podem e devem fazer todo o poss\u00edvel para trazer os ref\u00e9ns de volta para casa.\u201d\n<\/p>\n<p>O jornal tamb\u00e9m fez men\u00e7\u00e3o ao aumento do antissemitismo nos EUA depois de 7 de outubro e da rea\u00e7\u00e3o de Israel na Faixa de Gaza.\n<\/p>\n<p>\u201cIsrael n\u00e3o foi criado para provocar conflitos, mas como um farol de liberdade e esperan\u00e7a para o povo judeu, um ref\u00fagio e uma democracia onde todos os cidad\u00e3os \u2013 judeus, mu\u00e7ulmanos e crist\u00e3os \u2013 vivem com dignidade e direitos\u201d, destacou o editorial.\n<\/p>\n<p>\u201cEntretanto, hoje, o antissemitismo nos EUA alcan\u00e7a n\u00edveis alarmantes, os mais altos em d\u00e9cadas. Esse aumento do \u00f3dio amea\u00e7a n\u00e3o apenas a comunidade judaica, mas tamb\u00e9m os valores sobre os quais a Am\u00e9rica foi fundada. Pedimos ao pr\u00f3ximo presidente que fa\u00e7a do combate ao antissemitismo uma prioridade nacional, garantindo que os judeus americanos se sintam seguros em seu pr\u00f3prio pa\u00eds.\u201d\n<\/p>\n<p>O texto real\u00e7ou a ess\u00eancia do v\u00ednculo entre os dois pa\u00edses, como integrantes de uma \u201clinha de frente da democracia.\u201d\n<\/p>\n<p>\u201cA luta de Israel n\u00e3o \u00e9 apenas nossa; ela representa uma linha de frente para os valores democr\u00e1ticos. A Am\u00e9rica sempre foi nosso maior aliado, e agora mais do que nunca, precisamos de um forte apoio dos EUA.\u201d\n<\/p>\n<p>Desafios conjuntos de Israel e EUA<br \/>De acordo com o artigo, o v\u00ednculo entre EUA e Israel n\u00e3o \u00e9 uma rela\u00e7\u00e3o unilateral. \u201cA Am\u00e9rica tamb\u00e9m precisa de Israel\u201d.\n<\/p>\n<p>Ambos, segundo o editorial, est\u00e3o envolvidos em um mesmo objetivo.\n<\/p>\n<p>\u201cIsrael est\u00e1 na linha de frente da luta contra o islamismo radical, e tanto o Ir\u00e3 quanto as organiza\u00e7\u00f5es terroristas consideram os EUA um inimigo, assim como consideram Israel.\u201d\n<\/p>\n<p>Neste momento, a expectativa no pa\u00eds \u00e9 a de que finalmente Israel e EUA encontrem juntos uma forma de superar o atual momento.\n<\/p>\n<p>\u201cNossa ora\u00e7\u00e3o \u00e9 simples, mas essencial: que o pr\u00f3ximo presidente dos EUA reconhe\u00e7a que Israel n\u00e3o \u00e9 apenas um aliado estrat\u00e9gico, mas um s\u00edmbolo de resist\u00eancia e liberdade em uma regi\u00e3o turbulenta\u201d, destacou a publica\u00e7\u00e3o.\n<\/p>\n<p>\u201cOs desafios que enfrentamos podem ser maiores do que nunca, mas juntos, com uma Am\u00e9rica forte ao nosso lado, superaremos. Que esta elei\u00e7\u00e3o inaugure um cap\u00edtulo em que o direito de Israel de existir em paz seja defendido com vigor, e que o la\u00e7o entre nossas na\u00e7\u00f5es se torne mais forte do que nunca.\u201d\n<\/p>\n<p>Fonte: Revista Oeste              <\/p>\n<\/div>\n<p><br \/>\n<br \/><a href=\"https:\/\/diariodobrasilnoticias.com.br\/noticia\/a-vitoria-de-trump-fortalece-a-relacao-entre-israel-e-eua-afirma-jornal-672bec37414dc\">Source link <\/a><\/p>","protected":false},"excerpt":{"rendered":"<p>A expectativa em Israel, com a vit\u00f3ria de Donald Trump nas elei\u00e7\u00f5es presidenciais norte-americanas, em resultado anunciado nesta quarta-feira, 6, \u00e9 a de que o novo presidente reforce os la\u00e7os&hellip;<\/p>","protected":false},"author":1,"featured_media":55547,"comment_status":"closed","ping_status":"open","sticky":false,"template":"","format":"standard","meta":{"content-type":"","footnotes":""},"categories":[16],"tags":[123,2448,5313,1267],"class_list":["post-55546","post","type-post","status-publish","format-standard","has-post-thumbnail","hentry","category-noticias","tag-brasil","tag-diario","tag-noticia","tag-noticias"],"_links":{"self":[{"href":"https:\/\/tvbrazilusa.com\/pt\/wp-json\/wp\/v2\/posts\/55546","targetHints":{"allow":["GET"]}}],"collection":[{"href":"https:\/\/tvbrazilusa.com\/pt\/wp-json\/wp\/v2\/posts"}],"about":[{"href":"https:\/\/tvbrazilusa.com\/pt\/wp-json\/wp\/v2\/types\/post"}],"author":[{"embeddable":true,"href":"https:\/\/tvbrazilusa.com\/pt\/wp-json\/wp\/v2\/users\/1"}],"replies":[{"embeddable":true,"href":"https:\/\/tvbrazilusa.com\/pt\/wp-json\/wp\/v2\/comments?post=55546"}],"version-history":[{"count":1,"href":"https:\/\/tvbrazilusa.com\/pt\/wp-json\/wp\/v2\/posts\/55546\/revisions"}],"predecessor-version":[{"id":55548,"href":"https:\/\/tvbrazilusa.com\/pt\/wp-json\/wp\/v2\/posts\/55546\/revisions\/55548"}],"wp:featuredmedia":[{"embeddable":true,"href":"https:\/\/tvbrazilusa.com\/pt\/wp-json\/wp\/v2\/media\/55547"}],"wp:attachment":[{"href":"https:\/\/tvbrazilusa.com\/pt\/wp-json\/wp\/v2\/media?parent=55546"}],"wp:term":[{"taxonomy":"category","embeddable":true,"href":"https:\/\/tvbrazilusa.com\/pt\/wp-json\/wp\/v2\/categories?post=55546"},{"taxonomy":"post_tag","embeddable":true,"href":"https:\/\/tvbrazilusa.com\/pt\/wp-json\/wp\/v2\/tags?post=55546"}],"curies":[{"name":"wp","href":"https:\/\/api.w.org\/{rel}","templated":true}]}}