{"id":55554,"date":"2024-11-07T02:34:03","date_gmt":"2024-11-07T02:34:03","guid":{"rendered":"https:\/\/tvbrazilusa.com\/2024\/11\/07\/raio-atinge-trilho-do-metro-e-afeta-circulacao-de-trens\/"},"modified":"2024-11-07T02:34:04","modified_gmt":"2024-11-07T02:34:04","slug":"raio-atinge-trilho-do-metro-e-afeta-circulacao-de-trens","status":"publish","type":"post","link":"https:\/\/tvbrazilusa.com\/pt\/2024\/11\/07\/raio-atinge-trilho-do-metro-e-afeta-circulacao-de-trens\/","title":{"rendered":"Raio atinge trilho do Metr\u00f4 e afeta circula\u00e7\u00e3o de trens"},"content":{"rendered":"<p> <script async src=\"https:\/\/pagead2.googlesyndication.com\/pagead\/js\/adsbygoogle.js?client=ca-pub-8864793242727901\"\r\n     crossorigin=\"anonymous\"><\/script><br \/>\n<\/p>\n<div id=\"taboola-read-more\" style=\"display:block; width:100%\">\n<p>Um raio atingiu os trilhos da Companhia do Metropolitano do Distrito Federal (Metr\u00f4-DF) nesta quarta-feira (6\/11). O fen\u00f4meno afetou a circula\u00e7\u00e3o do transporte.\n<\/p>\n<p>Em nota, o Metr\u00f4-DF informou que a queda do raio prejudicou o transporte na regi\u00e3o do Guar\u00e1. \u201cComo havia forte incid\u00eancia de raios e chuva na regi\u00e3o, uma descarga el\u00e9trica atingiu o terceiro trilho (o que \u00e9 energizado e usado pelos trens para se locomoverem) entre as esta\u00e7\u00f5es Feira e Guar\u00e1\u201d, declarou a companhia. \u201cCom isso, o trem que estava na Esta\u00e7\u00e3o Guar\u00e1 foi atingindo pela descarga el\u00e9trica, o que causou a ocorr\u00eancia de fuma\u00e7a na esta\u00e7\u00e3o.\u201d<\/p>\n<p>Ningu\u00e9m se feriu no incidente. \u201cTodos desembarcaram na esta\u00e7\u00e3o sem problemas\u201d, declarou o Metr\u00f4-DF.\n<\/p>\n<p>A esta\u00e7\u00e3o Guar\u00e1 foi fechada, e a circula\u00e7\u00e3o de trens teve de ser interrompida entre as esta\u00e7\u00f5es \u00c1guas Claras e Central, sentido Plano Piloto. \u201cEstamos atuando e a opera\u00e7\u00e3o ser\u00e1 normalizada o mais breve poss\u00edvel\u201d, afirmou a companhia. A velocidade nos trechos liberados precisou ser reduzida. \u201cCom isso, haver\u00e1 um intervalo maior entre os trens, infelizmente.\u201d\n<\/p>\n<p>O trem atingido ser\u00e1 rebocado ao p\u00e1tio de manuten\u00e7\u00e3o ap\u00f3s an\u00e1lise completa dos danos causados.\n<\/p>\n<p>\u201cO Metr\u00f4-DF lamenta os transtornos causados por esse incidente imprevis\u00edvel, mas a redu\u00e7\u00e3o da velocidade dos trens no trecho afetado \u00e9 necess\u00e1ria para garantir a seguran\u00e7a na presta\u00e7\u00e3o de servi\u00e7o de transporte aos usu\u00e1rios do Distrito Federal\u201d, finalizou.\n<\/p>\n<p>O trem ser\u00e1 rebocado ao p\u00e1tio de manuten\u00e7\u00e3o ap\u00f3s an\u00e1lise completa dos danos causados.\n<\/p>\n<p>De acordo com o Corpo de Bombeiros Militar do Distrito Federal (CBMDF), a energia precisou ser desligada para a manuten\u00e7\u00e3o no trilho.\n<\/p>\n<p>Fonte: Metr\u00f3poles              <\/p>\n<\/div>\n<p><br \/>\n<br \/><a href=\"https:\/\/diariodobrasilnoticias.com.br\/noticia\/raio-atinge-trilho-do-metro-e-afeta-circulacao-de-trens-672bedb7e5b47\">Source link <\/a><\/p>","protected":false},"excerpt":{"rendered":"<p>Um raio atingiu os trilhos da Companhia do Metropolitano do Distrito Federal (Metr\u00f4-DF) nesta quarta-feira (6\/11). O fen\u00f4meno afetou a circula\u00e7\u00e3o do transporte. Em nota, o Metr\u00f4-DF informou que a&hellip;<\/p>","protected":false},"author":1,"featured_media":55555,"comment_status":"closed","ping_status":"open","sticky":false,"template":"","format":"standard","meta":{"content-type":"","footnotes":""},"categories":[16],"tags":[123,2448,5313,1267],"class_list":["post-55554","post","type-post","status-publish","format-standard","has-post-thumbnail","hentry","category-noticias","tag-brasil","tag-diario","tag-noticia","tag-noticias"],"_links":{"self":[{"href":"https:\/\/tvbrazilusa.com\/pt\/wp-json\/wp\/v2\/posts\/55554","targetHints":{"allow":["GET"]}}],"collection":[{"href":"https:\/\/tvbrazilusa.com\/pt\/wp-json\/wp\/v2\/posts"}],"about":[{"href":"https:\/\/tvbrazilusa.com\/pt\/wp-json\/wp\/v2\/types\/post"}],"author":[{"embeddable":true,"href":"https:\/\/tvbrazilusa.com\/pt\/wp-json\/wp\/v2\/users\/1"}],"replies":[{"embeddable":true,"href":"https:\/\/tvbrazilusa.com\/pt\/wp-json\/wp\/v2\/comments?post=55554"}],"version-history":[{"count":1,"href":"https:\/\/tvbrazilusa.com\/pt\/wp-json\/wp\/v2\/posts\/55554\/revisions"}],"predecessor-version":[{"id":55556,"href":"https:\/\/tvbrazilusa.com\/pt\/wp-json\/wp\/v2\/posts\/55554\/revisions\/55556"}],"wp:featuredmedia":[{"embeddable":true,"href":"https:\/\/tvbrazilusa.com\/pt\/wp-json\/wp\/v2\/media\/55555"}],"wp:attachment":[{"href":"https:\/\/tvbrazilusa.com\/pt\/wp-json\/wp\/v2\/media?parent=55554"}],"wp:term":[{"taxonomy":"category","embeddable":true,"href":"https:\/\/tvbrazilusa.com\/pt\/wp-json\/wp\/v2\/categories?post=55554"},{"taxonomy":"post_tag","embeddable":true,"href":"https:\/\/tvbrazilusa.com\/pt\/wp-json\/wp\/v2\/tags?post=55554"}],"curies":[{"name":"wp","href":"https:\/\/api.w.org\/{rel}","templated":true}]}}