{"id":55557,"date":"2024-11-07T02:48:34","date_gmt":"2024-11-07T02:48:34","guid":{"rendered":"https:\/\/tvbrazilusa.com\/2024\/11\/07\/bolsonaro-depende-de-alexandre-de-moraes-para-recuperar-passaporte-e-ir-a-posse-de-trump\/"},"modified":"2024-11-07T02:48:36","modified_gmt":"2024-11-07T02:48:36","slug":"bolsonaro-depende-de-alexandre-de-moraes-para-recuperar-passaporte-e-ir-a-posse-de-trump","status":"publish","type":"post","link":"https:\/\/tvbrazilusa.com\/pt\/2024\/11\/07\/bolsonaro-depende-de-alexandre-de-moraes-para-recuperar-passaporte-e-ir-a-posse-de-trump\/","title":{"rendered":"Bolsonaro depende de Alexandre de Moraes para recuperar passaporte e ir \u00e0 posse de Trump"},"content":{"rendered":"<p> <script async src=\"https:\/\/pagead2.googlesyndication.com\/pagead\/js\/adsbygoogle.js?client=ca-pub-8864793242727901\"\r\n     crossorigin=\"anonymous\"><\/script><br \/>\n<\/p>\n<div id=\"taboola-read-more\" style=\"display:block; width:100%\">\n<p>O ex-presidente Jair Bolsonaro (PL) n\u00e3o poder\u00e1 comparecer \u00e0 posse do aliado Donald Trump, marcada para o pr\u00f3ximo dia 20 de janeiro nos Estados Unidos. Isso porque o ex-mandat\u00e1rio brasileiro est\u00e1 com o passaporte retido e proibido de deixar o pa\u00eds em meio \u00e0s investiga\u00e7\u00f5es da trama golpista de 2022.\n<\/p>\n<p>Para mudar esse cen\u00e1rio, seus advogados precisam recorrer mais uma vez ao STF (Supremo Tribunal Federal) com pedido de revoga\u00e7\u00e3o da medida. Em ocasi\u00f5es anteriores, ao ingressarem com o mesmo pedido, a revoga\u00e7\u00e3o da medida foi negada.<\/p>\n<p>Na pr\u00e1tica, a devolu\u00e7\u00e3o do passaporte depende ou de uma decis\u00e3o individual do ministro Alexandre de Moraes, relator do inqu\u00e9rito da trama golpista, ou de uma vota\u00e7\u00e3o colegiada na Primeira Turma do Supremo, respons\u00e1vel pela avalia\u00e7\u00e3o dos recursos sobre o tema no tribunal.\n<\/p>\n<p>Em mar\u00e7o passado, Moraes rejeitou o pedido do ex-presidente para que tivesse o passaporte devolvido a fim de viajar a Israel. Os advogados do ex-mandat\u00e1rio haviam solicitado ao magistrado a autoriza\u00e7\u00e3o para que ele pudesse ir a Israel a convite do primeiro-ministro do pa\u00eds, Binyamin Netanyahu.\n<\/p>\n<p>Nesta quarta-feira (6), Bolsonaro postou um v\u00eddeo no X exibindo imagens de um encontro com Trump nos EUA quando ambos estavam no cargo.\n<\/p>\n<p>Acompanhado do v\u00eddeo, Bolsonaro agradeceu a Deus pela vit\u00f3ria de Trump, que embora prov\u00e1vel ainda n\u00e3o est\u00e1 confirmada, e citou uma passagem b\u00edblica: \u201cO choro pode durar uma noite, mas a alegria vem pela manh\u00e3.\u201d\n<\/p>\n<p>Fonte: Blog do BG              <\/p>\n<\/div>\n<p><br \/>\n<br \/><a href=\"https:\/\/diariodobrasilnoticias.com.br\/noticia\/bolsonaro-depende-de-alexandre-de-moraes-para-recuperar-passaporte-e-ir-a-posse-de-trump-672bee363ebce\">Source link <\/a><\/p>","protected":false},"excerpt":{"rendered":"<p>O ex-presidente Jair Bolsonaro (PL) n\u00e3o poder\u00e1 comparecer \u00e0 posse do aliado Donald Trump, marcada para o pr\u00f3ximo dia 20 de janeiro nos Estados Unidos. Isso porque o ex-mandat\u00e1rio brasileiro&hellip;<\/p>","protected":false},"author":1,"featured_media":55558,"comment_status":"closed","ping_status":"open","sticky":false,"template":"","format":"standard","meta":{"content-type":"","footnotes":""},"categories":[16],"tags":[123,2448,5313,1267],"class_list":["post-55557","post","type-post","status-publish","format-standard","has-post-thumbnail","hentry","category-noticias","tag-brasil","tag-diario","tag-noticia","tag-noticias"],"_links":{"self":[{"href":"https:\/\/tvbrazilusa.com\/pt\/wp-json\/wp\/v2\/posts\/55557","targetHints":{"allow":["GET"]}}],"collection":[{"href":"https:\/\/tvbrazilusa.com\/pt\/wp-json\/wp\/v2\/posts"}],"about":[{"href":"https:\/\/tvbrazilusa.com\/pt\/wp-json\/wp\/v2\/types\/post"}],"author":[{"embeddable":true,"href":"https:\/\/tvbrazilusa.com\/pt\/wp-json\/wp\/v2\/users\/1"}],"replies":[{"embeddable":true,"href":"https:\/\/tvbrazilusa.com\/pt\/wp-json\/wp\/v2\/comments?post=55557"}],"version-history":[{"count":1,"href":"https:\/\/tvbrazilusa.com\/pt\/wp-json\/wp\/v2\/posts\/55557\/revisions"}],"predecessor-version":[{"id":55559,"href":"https:\/\/tvbrazilusa.com\/pt\/wp-json\/wp\/v2\/posts\/55557\/revisions\/55559"}],"wp:featuredmedia":[{"embeddable":true,"href":"https:\/\/tvbrazilusa.com\/pt\/wp-json\/wp\/v2\/media\/55558"}],"wp:attachment":[{"href":"https:\/\/tvbrazilusa.com\/pt\/wp-json\/wp\/v2\/media?parent=55557"}],"wp:term":[{"taxonomy":"category","embeddable":true,"href":"https:\/\/tvbrazilusa.com\/pt\/wp-json\/wp\/v2\/categories?post=55557"},{"taxonomy":"post_tag","embeddable":true,"href":"https:\/\/tvbrazilusa.com\/pt\/wp-json\/wp\/v2\/tags?post=55557"}],"curies":[{"name":"wp","href":"https:\/\/api.w.org\/{rel}","templated":true}]}}