{"id":55560,"date":"2024-11-07T03:01:54","date_gmt":"2024-11-07T03:01:54","guid":{"rendered":"https:\/\/tvbrazilusa.com\/2024\/11\/07\/selic-sobe-05-e-vai-a-1125\/"},"modified":"2024-11-07T03:01:55","modified_gmt":"2024-11-07T03:01:55","slug":"selic-sobe-05-e-vai-a-1125","status":"publish","type":"post","link":"https:\/\/tvbrazilusa.com\/pt\/2024\/11\/07\/selic-sobe-05-e-vai-a-1125\/","title":{"rendered":"Selic sobe 0,5 e vai a 11,25%"},"content":{"rendered":"<p> <script async src=\"https:\/\/pagead2.googlesyndication.com\/pagead\/js\/adsbygoogle.js?client=ca-pub-8864793242727901\"\r\n     crossorigin=\"anonymous\"><\/script><br \/>\n<\/p>\n<div id=\"taboola-read-more\" style=\"display:block; width:100%\">\n<p>O Banco Central elevou a Selic em 0,5 ponto percentual nesta quarta-feira (4). A taxa b\u00e1sica de juros foi de 10,75 para 11,25% ao ano.<\/p>\n<p>Essa \u00e9 a segunda vez que o indicador sobe neste ano. Na reuni\u00e3o de setembro, o Comit\u00ea de Pol\u00edtica Monet\u00e1ria (Copom) havia elevado o \u00edndice em 0,25\n<\/p>\n<p>Fonte: @bandnews<\/p>\n<\/p><\/div>\n<p><br \/>\n<br \/><a href=\"https:\/\/diariodobrasilnoticias.com.br\/noticia\/selic-sobe-0-5-e-vai-a-11-25-672be9fa4a0fb\">Source link <\/a><\/p>","protected":false},"excerpt":{"rendered":"<p>O Banco Central elevou a Selic em 0,5 ponto percentual nesta quarta-feira (4). A taxa b\u00e1sica de juros foi de 10,75 para 11,25% ao ano. Essa \u00e9 a segunda vez&hellip;<\/p>","protected":false},"author":1,"featured_media":55561,"comment_status":"closed","ping_status":"open","sticky":false,"template":"","format":"standard","meta":{"content-type":"","footnotes":""},"categories":[16],"tags":[123,2448,5313,1267],"class_list":["post-55560","post","type-post","status-publish","format-standard","has-post-thumbnail","hentry","category-noticias","tag-brasil","tag-diario","tag-noticia","tag-noticias"],"_links":{"self":[{"href":"https:\/\/tvbrazilusa.com\/pt\/wp-json\/wp\/v2\/posts\/55560","targetHints":{"allow":["GET"]}}],"collection":[{"href":"https:\/\/tvbrazilusa.com\/pt\/wp-json\/wp\/v2\/posts"}],"about":[{"href":"https:\/\/tvbrazilusa.com\/pt\/wp-json\/wp\/v2\/types\/post"}],"author":[{"embeddable":true,"href":"https:\/\/tvbrazilusa.com\/pt\/wp-json\/wp\/v2\/users\/1"}],"replies":[{"embeddable":true,"href":"https:\/\/tvbrazilusa.com\/pt\/wp-json\/wp\/v2\/comments?post=55560"}],"version-history":[{"count":1,"href":"https:\/\/tvbrazilusa.com\/pt\/wp-json\/wp\/v2\/posts\/55560\/revisions"}],"predecessor-version":[{"id":55562,"href":"https:\/\/tvbrazilusa.com\/pt\/wp-json\/wp\/v2\/posts\/55560\/revisions\/55562"}],"wp:featuredmedia":[{"embeddable":true,"href":"https:\/\/tvbrazilusa.com\/pt\/wp-json\/wp\/v2\/media\/55561"}],"wp:attachment":[{"href":"https:\/\/tvbrazilusa.com\/pt\/wp-json\/wp\/v2\/media?parent=55560"}],"wp:term":[{"taxonomy":"category","embeddable":true,"href":"https:\/\/tvbrazilusa.com\/pt\/wp-json\/wp\/v2\/categories?post=55560"},{"taxonomy":"post_tag","embeddable":true,"href":"https:\/\/tvbrazilusa.com\/pt\/wp-json\/wp\/v2\/tags?post=55560"}],"curies":[{"name":"wp","href":"https:\/\/api.w.org\/{rel}","templated":true}]}}