{"id":55569,"date":"2024-11-07T03:49:47","date_gmt":"2024-11-07T03:49:47","guid":{"rendered":"https:\/\/tvbrazilusa.com\/2024\/11\/07\/celso-amorim-diz-que-relacao-do-governo-lula-com-trump-vai-ser-pragmatica\/"},"modified":"2024-11-07T03:49:49","modified_gmt":"2024-11-07T03:49:49","slug":"celso-amorim-diz-que-relacao-do-governo-lula-com-trump-vai-ser-pragmatica","status":"publish","type":"post","link":"https:\/\/tvbrazilusa.com\/pt\/2024\/11\/07\/celso-amorim-diz-que-relacao-do-governo-lula-com-trump-vai-ser-pragmatica\/","title":{"rendered":"Celso Amorim diz que rela\u00e7\u00e3o do governo Lula com Trump vai ser &#8216;pragm\u00e1tica&#8217;"},"content":{"rendered":"<p> <script async src=\"https:\/\/pagead2.googlesyndication.com\/pagead\/js\/adsbygoogle.js?client=ca-pub-8864793242727901\"\r\n     crossorigin=\"anonymous\"><\/script><br \/>\n<\/p>\n<div id=\"taboola-read-more\" style=\"display:block; width:100%\">\n<p>Celso Amorim, assessor especial do presidente Luiz In\u00e1cio Lula da Silva, disse que a rela\u00e7\u00e3o do governo brasileiro com o presidente eleito dos Estados Unidos, Donald Trump, ser\u00e1 pragm\u00e1tica. O diplomata deu a declara\u00e7\u00e3o durante entrevista ao jornal O Globo nesta quarta-feira, 6.\n<\/p>\n<p>\u201cVamos manter o pragmatismo como mantivemos com Bush\u201d, afirmou Amorim. \u201cLula demonstrou simpatia a Kamala Harris, mas muito mais grave foram as cr\u00edticas que o Brasil fez ao Bush no ataque ao Iraque. Isso n\u00e3o nos impediu de ter boas rela\u00e7\u00f5es. O Brasil fez cr\u00edticas muito fortes a Bush, n\u00e3o aprovou a Alca, e o Bush veio aqui duas vezes, colocou o capacete da Petrobras.\u201d<\/p>\n<p>Amorim comparou os desafios de lidar com Trump aos embates do governo Lula com o ex-presidente norte-americano George Bush. O diplomata tamb\u00e9m afirmou que o presidente brasileiro est\u00e1 aberto ao di\u00e1logo com Trump, mas n\u00e3o h\u00e1 defini\u00e7\u00e3o de contatos antes da posse.\n<\/p>\n<p>\u201c\u00c9 cedo para falar que Trump vai ter uma postura protecionista\u201d, afirmou Amorim. \u201cCandidato fala muita coisa, depois tem de pensar direitinho como vai fazer.\u201d\n<\/p>\n<p>Lula parabeniza Trump<br \/>O petista parabenizou Trump pela vit\u00f3ria nas elei\u00e7\u00f5es norte-americanas. Em uma publica\u00e7\u00e3o no Twitter\/X, o presidente afirmou ser importante manter o di\u00e1logo global.\n<\/p>\n<p>\u201cO mundo precisa de di\u00e1logo e trabalho conjunto para termos mais paz, desenvolvimento e prosperidade\u201d, escreveu Lula.\n<\/p>\n<p>O ministro da Fazenda, Fernando Haddad, comentou as falas de Trump durante a campanha, as quais julgou agressivas, mas ressaltou que o discurso p\u00f3s-vit\u00f3ria foi mais moderado. Ele mencionou que \u00e9 necess\u00e1rio aguardar os desdobramentos do governo Trump para entender os impactos no Brasil.\n<\/p>\n<p>\u201cVamos ver os desdobramentos do governo Trump a partir do ano que vem\u201d, disse Haddad. \u201cMuito do que foi dito na campanha possivelmente vai ser moderado a partir da sociedade, apesar de a vit\u00f3ria ter sido inequ\u00edvoca tamb\u00e9m no Parlamento. Ent\u00e3o, ele vai ter muitos graus de liberdade. Mas a vida depois trata de corrigir algumas propostas mais exacerbadas, trata de moderar.\u201d\n<\/p>\n<p>Com a vit\u00f3ria de Trump, o d\u00f3lar subiu no exterior. J\u00e1 o Bitcoin atingiu recordes, negociado acima de US$ 75 mil. No Brasil, a moeda norte-americana abriu acima de R$ 5,85. Haddad disse que o Brasil precisa cuidar das finan\u00e7as internas para minimizar impactos externos.\n<\/p>\n<p>Fonte: Revista Oeste              <\/p>\n<\/div>\n<p><br \/>\n<br \/><a href=\"https:\/\/diariodobrasilnoticias.com.br\/noticia\/celso-amorim-diz-que-relacao-do-governo-lula-com-trump-vai-ser-pragmatica-672c05eac411a\">Source link <\/a><\/p>","protected":false},"excerpt":{"rendered":"<p>Celso Amorim, assessor especial do presidente Luiz In\u00e1cio Lula da Silva, disse que a rela\u00e7\u00e3o do governo brasileiro com o presidente eleito dos Estados Unidos, Donald Trump, ser\u00e1 pragm\u00e1tica. O&hellip;<\/p>","protected":false},"author":1,"featured_media":55570,"comment_status":"closed","ping_status":"open","sticky":false,"template":"","format":"standard","meta":{"content-type":"","footnotes":""},"categories":[16],"tags":[123,2448,5313,1267],"class_list":["post-55569","post","type-post","status-publish","format-standard","has-post-thumbnail","hentry","category-noticias","tag-brasil","tag-diario","tag-noticia","tag-noticias"],"_links":{"self":[{"href":"https:\/\/tvbrazilusa.com\/pt\/wp-json\/wp\/v2\/posts\/55569","targetHints":{"allow":["GET"]}}],"collection":[{"href":"https:\/\/tvbrazilusa.com\/pt\/wp-json\/wp\/v2\/posts"}],"about":[{"href":"https:\/\/tvbrazilusa.com\/pt\/wp-json\/wp\/v2\/types\/post"}],"author":[{"embeddable":true,"href":"https:\/\/tvbrazilusa.com\/pt\/wp-json\/wp\/v2\/users\/1"}],"replies":[{"embeddable":true,"href":"https:\/\/tvbrazilusa.com\/pt\/wp-json\/wp\/v2\/comments?post=55569"}],"version-history":[{"count":1,"href":"https:\/\/tvbrazilusa.com\/pt\/wp-json\/wp\/v2\/posts\/55569\/revisions"}],"predecessor-version":[{"id":55571,"href":"https:\/\/tvbrazilusa.com\/pt\/wp-json\/wp\/v2\/posts\/55569\/revisions\/55571"}],"wp:featuredmedia":[{"embeddable":true,"href":"https:\/\/tvbrazilusa.com\/pt\/wp-json\/wp\/v2\/media\/55570"}],"wp:attachment":[{"href":"https:\/\/tvbrazilusa.com\/pt\/wp-json\/wp\/v2\/media?parent=55569"}],"wp:term":[{"taxonomy":"category","embeddable":true,"href":"https:\/\/tvbrazilusa.com\/pt\/wp-json\/wp\/v2\/categories?post=55569"},{"taxonomy":"post_tag","embeddable":true,"href":"https:\/\/tvbrazilusa.com\/pt\/wp-json\/wp\/v2\/tags?post=55569"}],"curies":[{"name":"wp","href":"https:\/\/api.w.org\/{rel}","templated":true}]}}