{"id":55572,"date":"2024-11-07T04:13:02","date_gmt":"2024-11-07T04:13:02","guid":{"rendered":"https:\/\/tvbrazilusa.com\/2024\/11\/07\/premio-professor-do-ano-de-connecticut-homenageia-educadores\/"},"modified":"2024-11-07T04:25:38","modified_gmt":"2024-11-07T04:25:38","slug":"premio-professor-do-ano-de-connecticut-homenageia-educadores","status":"publish","type":"post","link":"https:\/\/tvbrazilusa.com\/pt\/2024\/11\/07\/premio-professor-do-ano-de-connecticut-homenageia-educadores\/","title":{"rendered":"Pr\u00eamio Professor do Ano de Connecticut homenageia educadores"},"content":{"rendered":"<script async src=\"https:\/\/pagead2.googlesyndication.com\/pagead\/js\/adsbygoogle.js?client=ca-pub-8864793242727901\"\r\n     crossorigin=\"anonymous\"><\/script>\n<p>CONNECTICUT (WTNH) \u2013 Alguns professores em Connecticut agora t\u00eam t\u00edtulos especiais.<\/p>\n<p>Julia Miller, das Escolas P\u00fablicas de New Haven, foi reconhecida como a Professora do Ano em Connecticut. Al\u00e9m disso, Keysha Evans, das Escolas P\u00fablicas de Trumbull, foi nomeada Paraeducadora do Ano Anne Marie Murphy.<\/p>\n<p>O governador Lamont falou na cerim\u00f4nia, que aconteceu na quarta-feira em Hartford.<\/p>\n<p><br \/>\n<br \/><a href=\"https:\/\/www.wtnh.com\/news\/connecticut\/connecticut-teacher-of-the-year-awards-honor-educators\/\">Source link <\/a><\/p>","protected":false},"excerpt":{"rendered":"<p>CONNECTICUT (WTNH) \u2013 Alguns professores em Connecticut agora t\u00eam t\u00edtulos especiais. Julia Miller, das Escolas P\u00fablicas de New Haven, foi reconhecida como a Professora do Ano em Connecticut. Al\u00e9m disso,&hellip;<\/p>","protected":false},"author":1,"featured_media":55573,"comment_status":"closed","ping_status":"open","sticky":false,"template":"","format":"standard","meta":{"content-type":"","footnotes":""},"categories":[1],"tags":[],"class_list":["post-55572","post","type-post","status-publish","format-standard","has-post-thumbnail","hentry","category-uncategorized"],"_links":{"self":[{"href":"https:\/\/tvbrazilusa.com\/pt\/wp-json\/wp\/v2\/posts\/55572","targetHints":{"allow":["GET"]}}],"collection":[{"href":"https:\/\/tvbrazilusa.com\/pt\/wp-json\/wp\/v2\/posts"}],"about":[{"href":"https:\/\/tvbrazilusa.com\/pt\/wp-json\/wp\/v2\/types\/post"}],"author":[{"embeddable":true,"href":"https:\/\/tvbrazilusa.com\/pt\/wp-json\/wp\/v2\/users\/1"}],"replies":[{"embeddable":true,"href":"https:\/\/tvbrazilusa.com\/pt\/wp-json\/wp\/v2\/comments?post=55572"}],"version-history":[{"count":1,"href":"https:\/\/tvbrazilusa.com\/pt\/wp-json\/wp\/v2\/posts\/55572\/revisions"}],"predecessor-version":[{"id":55574,"href":"https:\/\/tvbrazilusa.com\/pt\/wp-json\/wp\/v2\/posts\/55572\/revisions\/55574"}],"wp:featuredmedia":[{"embeddable":true,"href":"https:\/\/tvbrazilusa.com\/pt\/wp-json\/wp\/v2\/media\/55573"}],"wp:attachment":[{"href":"https:\/\/tvbrazilusa.com\/pt\/wp-json\/wp\/v2\/media?parent=55572"}],"wp:term":[{"taxonomy":"category","embeddable":true,"href":"https:\/\/tvbrazilusa.com\/pt\/wp-json\/wp\/v2\/categories?post=55572"},{"taxonomy":"post_tag","embeddable":true,"href":"https:\/\/tvbrazilusa.com\/pt\/wp-json\/wp\/v2\/tags?post=55572"}],"curies":[{"name":"wp","href":"https:\/\/api.w.org\/{rel}","templated":true}]}}