{"id":5564,"date":"2024-07-22T14:19:58","date_gmt":"2024-07-22T14:19:58","guid":{"rendered":"https:\/\/tvbrazilusa.com\/2024\/07\/22\/porta-voz-diz-que-biden-vai-cumprir-mandato-e-desmente-rumores-de-renuncia\/"},"modified":"2024-07-22T14:20:44","modified_gmt":"2024-07-22T14:20:44","slug":"porta-voz-diz-que-biden-vai-cumprir-mandato-e-desmente-rumores-de-renuncia","status":"publish","type":"post","link":"https:\/\/tvbrazilusa.com\/pt\/2024\/07\/22\/porta-voz-diz-que-biden-vai-cumprir-mandato-e-desmente-rumores-de-renuncia\/","title":{"rendered":"Porta-voz diz que Biden vai cumprir mandato e desmente rumores de ren\u00fancia"},"content":{"rendered":"<p> <script async src=\"https:\/\/pagead2.googlesyndication.com\/pagead\/js\/adsbygoogle.js?client=ca-pub-8864793242727901\"\r\n     crossorigin=\"anonymous\"><\/script><br \/>\n<\/p>\n<div>\n<p>Em uma recente atualiza\u00e7\u00e3o da pol\u00edtica americana, o presidente Joe Biden afirmou que n\u00e3o deixar\u00e1 o cargo antes do fim de seu mandato, apesar das crescentes press\u00f5es ap\u00f3s sua decis\u00e3o de n\u00e3o buscar a reelei\u00e7\u00e3o. Esta posi\u00e7\u00e3o foi confirmada pela Casa Branca neste domingo, marcando um novo cap\u00edtulo na pol\u00edtica dos Estados Unidos.<\/p>\n<p>O an\u00fancio do presidente de n\u00e3o disputar as pr\u00f3ximas elei\u00e7\u00f5es veio ap\u00f3s um per\u00edodo de intenso escrut\u00ednio p\u00fablico e debates pol\u00edticos acalorados, incluindo um encontro marcante com Donald Trump. Essa decis\u00e3o desencadeou uma s\u00e9rie de demandas por parte de figuras pol\u00edticas de alto escal\u00e3o, exigindo sua ren\u00fancia imediata.<\/p>\n<figure class=\"wp-block-image size-full\"><picture decoding=\"async\" class=\"wp-image-159360\"><source type=\"image\/webp\" srcset=\"https:\/\/terrabrasilnoticias.com\/wp-content\/uploads\/2024\/07\/image-686.png.webp 640w, https:\/\/terrabrasilnoticias.com\/wp-content\/uploads\/2024\/07\/image-686-300x173.png.webp 300w\" sizes=\"(max-width: 640px) 100vw, 640px\"\/><\/picture><figcaption class=\"wp-element-caption\">Reprodu\u00e7\u00e3o\/Instagram<\/figcaption><\/figure>\n<h2 class=\"wp-block-heading\">O Que Esperar do Restante do Mandato de Biden?<\/h2>\n<p>Segundo o porta-voz da Casa Branca, Andrew Bates, Biden est\u00e1 focado em \u201centregar mais resultados hist\u00f3ricos ao povo norte-americano\u201d. Bates destacou que, apesar das dificuldades iniciais como uma economia em crise e problemas de seguran\u00e7a nacional, Biden conseguiu reverter v\u00e1rios desses problemas, promovendo crescimento e estabilidade.<\/p>\n<h2 class=\"wp-block-heading\">Quem S\u00e3o os Principais Advers\u00e1rios que Exigem a Ren\u00fancia de Biden?<\/h2>\n<p>Dentre os cr\u00edticos mais vocais est\u00e1 Mike Johnson, presidente da C\u00e2mara dos Representantes pelo partido Republicano, que manifestou no Twitter\/X a necessidade de Biden \u201crenunciar imediatamente\u201d. Al\u00e9m dele, Greg Abbott, governador do Texas, tamb\u00e9m expressou descontentamento, refor\u00e7ando que Biden n\u00e3o estaria apto para liderar o pa\u00eds.<\/p>\n<h2 class=\"wp-block-heading\">Quais Foram os Impactos da Ren\u00fancia \u00e0 Reelei\u00e7\u00e3o do presidente na Pol\u00edtica?<\/h2>\n<p>A ren\u00fancia de Biden \u00e0 reelei\u00e7\u00e3o n\u00e3o apenas sacudiu o cen\u00e1rio pol\u00edtico interno, como tamb\u00e9m impactou as alian\u00e7as e o posicionamento internacional dos EUA. Com esta mudan\u00e7a, o Partido Democrata deve definir um novo candidato durante a Conven\u00e7\u00e3o Nacional Democrata, que ocorrer\u00e1 entre 19 e 22 de agosto. Esta escolha ser\u00e1 crucial para as futuras dire\u00e7\u00f5es pol\u00edticas e estrat\u00e9gias do partido.<\/p>\n<h3 class=\"wp-block-heading\">A\u00e7\u00f5es Not\u00e1veis de Joe Biden Durante o Mandato<\/h3>\n<ul class=\"wp-block-list\">\n<li>Revers\u00e3o da crise econ\u00f4mica com o crescimento sendo o maior registrado no cen\u00e1rio mundial.<\/li>\n<li>Redu\u00e7\u00e3o significativa da criminalidade, alcan\u00e7ando a menor taxa de crimes violentos em quase cinco d\u00e9cadas.<\/li>\n<li>Fortalecimento das alian\u00e7as internacionais, especialmente com membros da Otan.<\/li>\n<\/ul>\n<p>Enquanto Biden segue firmemente at\u00e9 o fim de seu mandato, a discuss\u00e3o sobre seu legado e os futuros l\u00edderes pol\u00edticos continua a ser um t\u00f3pico quente entre os norte-americanos e observadores globais. <\/p>\n<\/p><\/div>\n<p><br \/>\n<br \/><a href=\"https:\/\/terrabrasilnoticias.com\/2024\/07\/porta-voz-diz-que-biden-vai-cumprir-mandato-e-desmente-rumores-de-renuncia\/\">Source link <\/a><\/p>","protected":false},"excerpt":{"rendered":"<p>Em uma recente atualiza\u00e7\u00e3o da pol\u00edtica americana, o presidente Joe Biden afirmou que n\u00e3o deixar\u00e1 o cargo antes do fim de seu mandato, apesar das crescentes press\u00f5es ap\u00f3s sua decis\u00e3o&hellip;<\/p>","protected":false},"author":1,"featured_media":5565,"comment_status":"closed","ping_status":"open","sticky":false,"template":"","format":"standard","meta":{"content-type":"","footnotes":""},"categories":[16],"tags":[],"class_list":["post-5564","post","type-post","status-publish","format-standard","has-post-thumbnail","hentry","category-noticias"],"_links":{"self":[{"href":"https:\/\/tvbrazilusa.com\/pt\/wp-json\/wp\/v2\/posts\/5564","targetHints":{"allow":["GET"]}}],"collection":[{"href":"https:\/\/tvbrazilusa.com\/pt\/wp-json\/wp\/v2\/posts"}],"about":[{"href":"https:\/\/tvbrazilusa.com\/pt\/wp-json\/wp\/v2\/types\/post"}],"author":[{"embeddable":true,"href":"https:\/\/tvbrazilusa.com\/pt\/wp-json\/wp\/v2\/users\/1"}],"replies":[{"embeddable":true,"href":"https:\/\/tvbrazilusa.com\/pt\/wp-json\/wp\/v2\/comments?post=5564"}],"version-history":[{"count":1,"href":"https:\/\/tvbrazilusa.com\/pt\/wp-json\/wp\/v2\/posts\/5564\/revisions"}],"predecessor-version":[{"id":5566,"href":"https:\/\/tvbrazilusa.com\/pt\/wp-json\/wp\/v2\/posts\/5564\/revisions\/5566"}],"wp:featuredmedia":[{"embeddable":true,"href":"https:\/\/tvbrazilusa.com\/pt\/wp-json\/wp\/v2\/media\/5565"}],"wp:attachment":[{"href":"https:\/\/tvbrazilusa.com\/pt\/wp-json\/wp\/v2\/media?parent=5564"}],"wp:term":[{"taxonomy":"category","embeddable":true,"href":"https:\/\/tvbrazilusa.com\/pt\/wp-json\/wp\/v2\/categories?post=5564"},{"taxonomy":"post_tag","embeddable":true,"href":"https:\/\/tvbrazilusa.com\/pt\/wp-json\/wp\/v2\/tags?post=5564"}],"curies":[{"name":"wp","href":"https:\/\/api.w.org\/{rel}","templated":true}]}}