{"id":55666,"date":"2024-11-07T16:02:02","date_gmt":"2024-11-07T16:02:02","guid":{"rendered":"https:\/\/tvbrazilusa.com\/2024\/11\/07\/o-ex-tecnico-do-revolution-bruce-arena-supostamente-sera-contratado-pelo-san-jose-earthquakes\/"},"modified":"2024-11-07T16:05:48","modified_gmt":"2024-11-07T16:05:48","slug":"o-ex-tecnico-do-revolution-bruce-arena-supostamente-sera-contratado-pelo-san-jose-earthquakes","status":"publish","type":"post","link":"https:\/\/tvbrazilusa.com\/pt\/2024\/11\/07\/o-ex-tecnico-do-revolution-bruce-arena-supostamente-sera-contratado-pelo-san-jose-earthquakes\/","title":{"rendered":"O ex-t\u00e9cnico do Revolution, Bruce Arena, supostamente ser\u00e1 contratado pelo San Jose Earthquakes"},"content":{"rendered":"<p> <script async src=\"https:\/\/pagead2.googlesyndication.com\/pagead\/js\/adsbygoogle.js?client=ca-pub-8864793242727901\"\r\n     crossorigin=\"anonymous\"><\/script><br \/>\n<\/p>\n<div id=\"\">\n<header class=\"m-article-header m-article-header--standard\">\n\t\t\t\t\t\t\t\t\t\t\t\t<span id=\"article-header-primary-term\"><br \/>\n\t\t\t\t\t\t\t\t<a class=\"a-term a-term--primary\" href=\"https:\/\/www.boston.com\/tag\/morning-sports-update\/\"><\/p>\n<p>\t\t\t\t\t\t\t\tAtualiza\u00e7\u00e3o esportiva matinal\t\t\t\t\t\t\t\t<\/a><br \/>\n\t\t\t\t\t\t\t<\/span><\/p>\n<h2 class=\"m-article-header__sub-headline\">Arena tamb\u00e9m fez um raro coment\u00e1rio sobre a investiga\u00e7\u00e3o da MLS que levou \u00e0 sua ren\u00fancia do Revolution em 2023.<\/h2>\n<figure class=\"a-photo m-article-header__photo\"><figcaption class=\"a-photo__caption\">\n<p>\tArena Bruce em 2021.<em> AP Foto\/Mary Schwalm, Arquivo<\/em>\t<\/figcaption><\/figure>\n<\/header>\n<p><strong>Bruce Arena supostamente retornando a treinar na MLS<\/strong>: Antigo <a href=\"https:\/\/www.boston.com\/tag\/new-england-revolution\/?p1=article_tagbutton\">Revolu\u00e7\u00e3o<\/a> t\u00e9cnico Bruce Arena, que <a href=\"https:\/\/www.boston.com\/sports\/new-england-revolution\/2023\/09\/09\/bruce-arena-resigns-revolution-investigation-mls\/\">resignado<\/a> da Nova Inglaterra em 2023, ap\u00f3s uma investiga\u00e7\u00e3o da MLS sobre alega\u00e7\u00f5es de que ele fez \u201ccoment\u00e1rios insens\u00edveis e inadequados\u201d, est\u00e1 supostamente definido para assumir o cargo vago no comando do San Jose Earthquakes.<\/p>\n<p>Arena, 73 anos, se tornar\u00e1 gerente e diretor esportivo do Earthquake, <a href=\"https:\/\/www.espn.com\/soccer\/story\/_\/id\/42234233\/bruce-arena-eyes-new-challenge-hiring-san-jose-coach\">de acordo com Jeff Carlisle da ESPN<\/a>. Se confirmado, ser\u00e1 o quinto time da MLS comandado pelo t\u00e9cnico norte-americano de longa data. Arena, quatro vezes Treinador do Ano, ganhou cinco t\u00edtulos da liga e det\u00e9m o recorde de maior n\u00famero de vit\u00f3rias de todos os tempos na hist\u00f3ria da MLS.<\/p>\n<p>O trabalho em San Jose ser\u00e1 um enorme desafio para a Arena. Os Earthquakes terminaram com o pior resultado da liga, 6-25-3, em 2024, o segundo \u00faltimo lugar do clube nas \u00faltimas tr\u00eas temporadas.<\/p>\n<p>Arena assumiu o Revolution em circunst\u00e2ncias igualmente dif\u00edceis (embora o tenha feito no meio da temporada de 2019). O ex-t\u00e9cnico da sele\u00e7\u00e3o dos EUA levou a Nova Inglaterra aos playoffs daquela temporada, chegou \u00e0s semifinais dos playoffs da MLS Cup em 2020 e venceu o Supporters&#8217; Shield em 2021. O Revolution perdeu a p\u00f3s-temporada apenas uma vez durante a gest\u00e3o da Arena, em 2022.<\/p>\n<p>Mas em agosto de 2023, com a Nova Inglaterra em segundo lugar na Confer\u00eancia Leste, a Arena estava <a href=\"https:\/\/www.boston.com\/sports\/new-england-revolution\/2023\/08\/01\/bruce-arena-administrative-leave-revolution-mls\/\">colocado em licen\u00e7a administrativa<\/a> em meio a uma investiga\u00e7\u00e3o da liga sobre \u201calega\u00e7\u00f5es de que ele fez coment\u00e1rios insens\u00edveis e inadequados\u201d.<\/p>\n<p>Mais de um m\u00eas depois, Arena <a href=\"https:\/\/www.boston.com\/sports\/new-england-revolution\/2023\/09\/09\/bruce-arena-resigns-revolution-investigation-mls\/\">resignado<\/a>. A liga nunca divulgou os resultados completos de sua investiga\u00e7\u00e3o, apenas notando em um comunicado <a href=\"https:\/\/www.mlssoccer.com\/news\/bruce-arena-resigns-from-new-england-revolution\">declara\u00e7\u00e3o<\/a> depois que \u201cconfirmou algumas dessas acusa\u00e7\u00f5es\u201d contra a Arena.<\/p>\n<p>Desde sua sa\u00edda, Arena tem sido <a href=\"https:\/\/www.boston.com\/sports\/new-england-revolution\/2024\/06\/05\/bruce-arena-breaks-silence-but-doesnt-offer-anything-new-about-his-revolution-resignation\/\">calado<\/a> sobre o que desencadeou a investiga\u00e7\u00e3o. Nos coment\u00e1rios feitos a Carlisle, o ex-t\u00e9cnico do Revolution acrescentou um pouco mais ao seu relato sobre o ocorrido.<\/p>\n<p>\u201cEra apenas pessoal brincando uns com os outros em particular\u201d, Arena disse a Carlisle. \u201cAceito qualquer cr\u00edtica e sigo em frente.\u201d<\/p>\n<p>A Nova Inglaterra tem lutado desde que Arena deixou o time, caindo na classifica\u00e7\u00e3o em 2023 \u2013 embora ainda chegando aos playoffs \u2013 antes de terminar 2024 em pen\u00faltimo lugar na Confer\u00eancia Leste.<\/p>\n<p><strong>Pontua\u00e7\u00f5es e hor\u00e1rios<\/strong>: <\/p>\n<p>Os Celtics perderam para os Warriors <a href=\"https:\/\/www.boston.com\/sports\/boston-celtics\/2024\/11\/06\/steph-curry-burns-the-celtics-as-warriors-hold-on-late-takeaways\/\">118-112<\/a> na quarta-feira. Boston marcou apenas 16 pontos no segundo quarto, mas recuperou-se com 41 no terceiro. Mesmo assim, apesar dos 32 pontos de Jayson Tatum, o Golden State saiu com uma vit\u00f3ria.<\/p>\n<p>Na quinta-feira, o Celtics recebe o Nets \u00e0s 19h30.<\/p>\n<p>A pe\u00e7a The Flames hoje \u00e0 noite no TD Garden. O disco est\u00e1 programado para cair \u00e0s 19h<\/p>\n<p><strong>Mais de Boston.com<\/strong>: <\/p>\n<p><strong>Clube do livro<\/strong>: Este m\u00eas, o <a href=\"https:\/\/www.boston.com\/tag\/book-club\/\">Clube do Livro Boston.com<\/a> A escolha \u00e9 a mais recente do colunista do Boston Globe, Chad Finn.<\/p>\n<p>\u201c<a href=\"https:\/\/www.hachettebookgroup.com\/titles\/the-boston-globe\/the-boston-globe-story-of-the-celtics\/9780762487547\/?lens=black-dog-leventhal\" target=\"_blank\" rel=\"noreferrer noopener\">A hist\u00f3ria dos Celtics no Boston Globe<\/a>\u201dNarra a hist\u00f3ria do time de maior sucesso da NBA, apresentando artigos cl\u00e1ssicos do Globe Celtics de Finn, Bob Ryan, Jackie MacMullan, Leigh Montville, Dan Shaughnessy, Baxter Holmes, Gary Washburn e Adam Himmelsbach (entre outros).<\/p>\n<p>Se voc\u00ea tiver perguntas para Chad que considere interessantes para a discuss\u00e3o do clube (que acontecer\u00e1 nesta sexta-feira), sinta-se \u00e0 vontade para entrar em contato (<a href=\"https:\/\/www.boston.com\/cdn-cgi\/l\/email-protection\" class=\"__cf_email__\" data-cfemail=\"f89099819c9d96d69a918a9cb89f94979a9dd69b9795\">[email\u00a0protected]<\/a>).<\/p>\n<p><strong>O novo visual da Frota<\/strong>: A Boston Fleet (anteriormente PWHL Boston) revelou as novas camisas do time para a pr\u00f3xima temporada (que <a href=\"https:\/\/www.thepwhl.com\/en\/stats\/schedule\/1\/5\/all-months\/homeaway?league=1\">come\u00e7a contra Toronto em 30 de novembro<\/a>).<\/p>\n<figure class=\"wp-block-embed is-type-rich is-provider-twitter wp-block-embed-twitter\"\/>\n<p><strong>Mais do que um deke triplo<\/strong>: O ex-destaque da Universidade de Boston, Jack Eichel, marcou um gol divertido e habilidoso para Las Vegas na quarta-feira, na vit\u00f3ria por 4-2.<\/p>\n<figure class=\"wp-block-embed is-type-rich is-provider-twitter wp-block-embed-twitter\"\/>\n<p><strong>Neste dia<\/strong>: Em 1987, o Celtics venceu um cl\u00e1ssico triplo na prorroga\u00e7\u00e3o contra o Washington Bullets, <a href=\"https:\/\/www.basketball-reference.com\/boxscores\/198711070WSB.html\">140-139<\/a>. Larry Bird liderou com 47, <a href=\"https:\/\/youtu.be\/nKwuuvJbQLg?si=kiGDE1UoMZd6YI6-\">incluindo v\u00e1rias tacadas vencedoras<\/a> (o primeiro, que Bird acertou no quarto per\u00edodo, n\u00e3o contou porque o t\u00e9cnico do Boston, KC Jones, pediu um tempo limite antes).<\/p>\n<p>\u201cSeu prop\u00f3sito neste planeta \u00e9 claro,\u201d <a href=\"https:\/\/bostonglobe.newspapers.com\/image\/437964149\/?clipping_id=158589527\">escreveu<\/a> inimit\u00e1vel rep\u00f3rter do Boston Globe, Bob Ryan. \u201cEle executa as fantasias atl\u00e9ticas da humanidade.\u201d<\/p>\n<figure class=\"wp-block-image size-full\"><img fetchpriority=\"high\" decoding=\"async\" width=\"1494\" height=\"2560\" src=\"https:\/\/bdc2020.o0bc.com\/wp-content\/uploads\/2024\/11\/1987_Celtics_Larry_Bird-672ccd5564450-scaled.jpg\" alt=\"1987 Celtics Larry Bird Globe Sports\" class=\"wp-image-32313676\" srcset=\"https:\/\/bdc2020.o0bc.com\/wp-content\/uploads\/2024\/11\/1987_Celtics_Larry_Bird-672ccd5564450-scaled.jpg?width=200 200w, https:\/\/bdc2020.o0bc.com\/wp-content\/uploads\/2024\/11\/1987_Celtics_Larry_Bird-672ccd5564450-scaled.jpg?width=300 300w, https:\/\/bdc2020.o0bc.com\/wp-content\/uploads\/2024\/11\/1987_Celtics_Larry_Bird-672ccd5564450-scaled.jpg?width=400 400w, https:\/\/bdc2020.o0bc.com\/wp-content\/uploads\/2024\/11\/1987_Celtics_Larry_Bird-672ccd5564450-scaled.jpg?width=500 500w, https:\/\/bdc2020.o0bc.com\/wp-content\/uploads\/2024\/11\/1987_Celtics_Larry_Bird-672ccd5564450-scaled.jpg?width=600 600w, https:\/\/bdc2020.o0bc.com\/wp-content\/uploads\/2024\/11\/1987_Celtics_Larry_Bird-672ccd5564450-scaled.jpg?width=700 700w, https:\/\/bdc2020.o0bc.com\/wp-content\/uploads\/2024\/11\/1987_Celtics_Larry_Bird-672ccd5564450-scaled.jpg?width=800 800w, https:\/\/bdc2020.o0bc.com\/wp-content\/uploads\/2024\/11\/1987_Celtics_Larry_Bird-672ccd5564450-scaled.jpg?width=900 900w\" sizes=\"(max-width: 1494px) 100vw, 1494px\"\/><\/figure>\n<p><strong>Destaque di\u00e1rio<\/strong>: O futebol masculino de Stanford derrotou Notre Dame por 3 a 2 faltando dois segundos para o final do gol milagroso de Dylan Hooper no meio-campo.<\/p>\n<figure class=\"wp-block-embed is-type-rich is-provider-twitter wp-block-embed-twitter\"\/>\n<div class=\"m-block m-generic-cta\t m-generic-cta--post-content\t m-generic-cta--dark\t m-generic-cta--homepage\t m-generic-cta--email-signup\t\t m-generic-cta-block-style--default \tt-amp__generic-cta\"><\/p>\n<div class=\"m-generic-cta__wrap\">\n<div class=\"m-generic-cta__content\">\n<h3 class=\"m-generic-cta__title\">Boston.com hoje<\/h3>\n<p class=\"m-generic-cta__subtitle\">Inscreva-se para receber as \u00faltimas manchetes em sua caixa de entrada todas as manh\u00e3s.<\/p>\n<\/p><\/div>\n<\/p><\/div>\n<\/div>\n<div class=\"o-author-single no-avatar\">\n<header class=\"m-author-card\">\n<\/header>\n<section class=\"author-info\">\n<hr class=\"m-author__section--hr\"\/>\n<div class=\"m-author__section\">\n<p>Hayden Bird \u00e9 redator de esportes do Boston.com, onde trabalha desde 2016. Ele cobre todos os assuntos esportivos na Nova Inglaterra.<\/p>\n<\/div>\n<hr class=\"m-author__section--hr\"\/>\t<\/section>\n<\/div><\/div>\n<p><script>\n\t\tvar consent=\"grant\";\n\t\t\/* The above code is parsing the JSON data from the local storage and storing it in a variable. *\/\n\t\t\t\t\tconst onetrustStorageConsent = JSON.parse(localStorage.getItem( 'consent_one_trust_bdc' ) );\n\t\t\tif ( ( onetrustStorageConsent !== null ) ) {\n\t\t\t\t\/* Checking to see if the user has consented to the use of cookies.\n\t\t\t\t* If they have not, it is deleting the cookie.\n\t\t\t\t* This will comment for now, until further notice.\n\t\t\t\t*\/\n\t\t\t\t\/\/if ( onetrustStorageConsent.C0002 === false ) {\n\t\t\t\t\/\/\tdocument.cookie=\"_fbp=;expires=Thu, 01 Jan 2010 00:00:00 UTC; path=\/; domain=.boston.com\";\n\t\t\t\t\/\/}\n\t\t\t\t\/* Checking if the user has given consent for the cookie C0002.\n\t\t\t\t* If the user has given consent, the variable consent will be set to 'grant'.\n\t\t\t\t* If the user has not given consent,the variable consent will be set to 'revoke'.\n\t\t\t\t* Documentation https:\/\/developers.facebook.com\/docs\/meta-pixel\/implementation\/gdpr\n\t\t\t\t*\/\n\t\t\t\tif ( onetrustStorageConsent.C0002 !== true ) {\n\t\t\t\t\tconsent=\"revoke\";\n\t\t\t\t}\n\t\t\t}\n\t\t\t\t!function(f,b,e,v,n,t,s)\n\t\t{if(f.fbq)return;n=f.fbq=function(){n.callMethod?\n\t\tn.callMethod.apply(n,arguments):n.queue.push(arguments)};\n\t\tif(!f._fbq)f._fbq=n;n.push=n;n.loaded=!0;n.version='2.0';\n\t\tn.queue=[];t=b.createElement(e);t.async=!0;\n\t\tt.src=v;s=b.getElementsByTagName(e)[0];\n\t\ts.parentNode.insertBefore(t,s)}(window, document,'script',\n\t\t'https:\/\/connect.facebook.net\/en_US\/fbevents.js');\n\t\tfbq('consent', consent);\n\t\tfbq('init', '989222871864976');\n\t\tfbq('track', 'PageView');\n\t<\/script><script type=\"module\">\n\t\tvar consent=\"grant\";\n\t\t\/* The above code is parsing the JSON data from the local storage and storing it in a variable. *\/\n\t\t\tconst onetrustStorageConsent = JSON.parse(localStorage.getItem( 'consent_one_trust_bdc' ) );\n\t\t\t\/* Checking to see if the user has consented to the use of cookies.\n\t\t\t* If they have not, it is deleting the cookie.\n\t\t\t* This will comment for now, until further notice.\n\t\t\t*\/\n\t\t\t\/\/if ( onetrustStorageConsent.C0002 === false ) {\n\t\t\t\/\/\tdocument.cookie=\"_fbp=;expires=Thu, 01 Jan 2010 00:00:00 UTC; path=\/; domain=.boston.com\";\n\t\t\t\/\/}\n\t\t\t\/* Checking if the user has given consent for the cookie C0002.\n\t\t\t* If the user has given consent, the variable consent will be set to 'grant'.\n\t\t\t* If the user has not given consent,the variable consent will be set to 'revoke'.\n\t\t\t* Documentation https:\/\/developers.facebook.com\/docs\/meta-pixel\/implementation\/gdpr\n\t\t\t*\/\n\t\t\tif ( ( onetrustStorageConsent !== null ) && (onetrustStorageConsent.C0002 !== true ) ) {\n\t\t\t\tconsent=\"revoke\";\n\t\t\t}\n\t\t\t\t!function(f,b,e,v,n,t,s){if(f.fbq)return;n=f.fbq=function()\n\t\t{n.callMethod? n.callMethod.apply(n,arguments):n.queue.push(arguments)}\n\t\t;if(!f._fbq)f._fbq=n;\n\t\tn.push=n;n.loaded=!0;n.version='2.0';n.queue=[];t=b.createElement(e);t.async=!0;\n\t\tt.src=v;s=b.getElementsByTagName(e)[0];s.parentNode.insertBefore(t,s)}(window,\n\t\tdocument,'script','https:\/\/connect.facebook.net\/en_US\/fbevents.js');\n\t\tfbq('consent', consent);\n\t\tfbq('init', '813236348753005');\n\t\tfbq('track', \"PageView\");\n\t<\/script><br \/>\n<br \/><br \/>\n<br \/><a href=\"https:\/\/www.boston.com\/sports\/morning-sports-update\/2024\/11\/07\/bruce-arena-san-jose-earthquakes-report\/\">Source link <\/a><\/p>","protected":false},"excerpt":{"rendered":"<p>Atualiza\u00e7\u00e3o esportiva matinal Arena tamb\u00e9m fez um raro coment\u00e1rio sobre a investiga\u00e7\u00e3o da MLS que levou \u00e0 sua ren\u00fancia do Revolution em 2023. Arena Bruce em 2021. AP Foto\/Mary Schwalm,&hellip;<\/p>","protected":false},"author":1,"featured_media":55667,"comment_status":"closed","ping_status":"open","sticky":false,"template":"","format":"standard","meta":{"content-type":"","footnotes":""},"categories":[1],"tags":[],"class_list":["post-55666","post","type-post","status-publish","format-standard","has-post-thumbnail","hentry","category-uncategorized"],"_links":{"self":[{"href":"https:\/\/tvbrazilusa.com\/pt\/wp-json\/wp\/v2\/posts\/55666","targetHints":{"allow":["GET"]}}],"collection":[{"href":"https:\/\/tvbrazilusa.com\/pt\/wp-json\/wp\/v2\/posts"}],"about":[{"href":"https:\/\/tvbrazilusa.com\/pt\/wp-json\/wp\/v2\/types\/post"}],"author":[{"embeddable":true,"href":"https:\/\/tvbrazilusa.com\/pt\/wp-json\/wp\/v2\/users\/1"}],"replies":[{"embeddable":true,"href":"https:\/\/tvbrazilusa.com\/pt\/wp-json\/wp\/v2\/comments?post=55666"}],"version-history":[{"count":1,"href":"https:\/\/tvbrazilusa.com\/pt\/wp-json\/wp\/v2\/posts\/55666\/revisions"}],"predecessor-version":[{"id":55668,"href":"https:\/\/tvbrazilusa.com\/pt\/wp-json\/wp\/v2\/posts\/55666\/revisions\/55668"}],"wp:featuredmedia":[{"embeddable":true,"href":"https:\/\/tvbrazilusa.com\/pt\/wp-json\/wp\/v2\/media\/55667"}],"wp:attachment":[{"href":"https:\/\/tvbrazilusa.com\/pt\/wp-json\/wp\/v2\/media?parent=55666"}],"wp:term":[{"taxonomy":"category","embeddable":true,"href":"https:\/\/tvbrazilusa.com\/pt\/wp-json\/wp\/v2\/categories?post=55666"},{"taxonomy":"post_tag","embeddable":true,"href":"https:\/\/tvbrazilusa.com\/pt\/wp-json\/wp\/v2\/tags?post=55666"}],"curies":[{"name":"wp","href":"https:\/\/api.w.org\/{rel}","templated":true}]}}