{"id":5567,"date":"2024-07-22T14:18:01","date_gmt":"2024-07-22T14:18:01","guid":{"rendered":"https:\/\/tvbrazilusa.com\/2024\/07\/22\/israel-confirma-morte-de-dois-refens-do-hamas-na-faixa-de-gaza-paulo-figueiredo\/"},"modified":"2024-07-22T14:27:15","modified_gmt":"2024-07-22T14:27:15","slug":"israel-confirma-morte-de-dois-refens-do-hamas-na-faixa-de-gaza-paulo-figueiredo","status":"publish","type":"post","link":"https:\/\/tvbrazilusa.com\/pt\/2024\/07\/22\/israel-confirma-morte-de-dois-refens-do-hamas-na-faixa-de-gaza-paulo-figueiredo\/","title":{"rendered":"Israel confirma morte de dois ref\u00e9ns do Hamas na Faixa de Gaza &#8211; Paulo Figueiredo"},"content":{"rendered":"<p> <script async src=\"https:\/\/pagead2.googlesyndication.com\/pagead\/js\/adsbygoogle.js?client=ca-pub-8864793242727901\"\r\n     crossorigin=\"anonymous\"><\/script><br \/>\n<\/p>\n<div id=\"wtr-content\" data-bg=\"#FFFFFF\" data-fg=\"#006d91\" data-width=\"25\" data-mute=\"1\" data-fgopacity=\"1.00\" data-mutedopacity=\"0.5\" data-placement=\"bottom\" data-placement-offset=\"0\" data-content-offset=\"262\" data-placement-touch=\"bottom\" data-placement-offset-touch=\"0\" data-transparent=\"\" data-shadow=\"0\" data-touch=\"1\" data-non-touch=\"1\" data-comments=\"0\" data-commentsbg=\"transparent\" data-location=\"page\" data-mutedfg=\"#006d91\" data-endfg=\"#006d91\" data-rtl=\"\">\n<pre class=\"wp-block-preformatted has-small-font-size\">Foto - EFE\/EPA\/ANDY RAIN<\/pre>\n<h3 class=\"wp-block-heading\">O Ex\u00e9rcito de Israel confirmou, nesta segunda-feira,\u00a0a morte de dois dos ref\u00e9ns que o grupo terrorista Hamas mantinha em cativeiro na Faixa de Gaza<\/h3>\n<p>O Ex\u00e9rcito de Israel confirmou, nesta segunda-feira (22),\u00a0a morte de mais dois dos ref\u00e9ns que o Hamas mant\u00e9m em cativeiro na Faixa de Gaza desde os ataques de 7 de outubro, nos quais sequestrou 251 pessoas.<\/p>\n<p>\u201cOs representantes do Ex\u00e9rcito informaram hoje \u00e0s fam\u00edlias de Alex Danzig e Yagev Buchstab\u201d, dizia um comunicado militar, \u201cque j\u00e1 n\u00e3o est\u00e3o vivos e que os seus corpos est\u00e3o detidos\u201d na Faixa pelo Hamas.<\/p>\n<p>Com este an\u00fancio, o n\u00famero de ref\u00e9ns mortos, dos 116 ainda em Gaza, sobe para 44, enquanto os militares recuperaram outros 19 corpos de pessoas raptadas, que foram devolvidas ao territ\u00f3rio israelense.<\/p>\n<p>\u201cTodas as autoridades est\u00e3o investigando as circunst\u00e2ncias de sua morte\u201d, disse o porta-voz, que n\u00e3o deu detalhes sobre as mortes.<\/p>\n<p>As v\u00edtimas s\u00e3o Yagev Buchstab, de 35 anos, e Alex Dancyg, que completaria 76 neste domingo (21).<\/p>\n<p>Buchstab vivia no kibutz de Nirim, a apenas tr\u00eas quil\u00f4metros de Gaza, onde foi sequestrado junto \u00e0 esposa, Rimon Buchshtab-Kirsht, libertada ap\u00f3s 50 dias de cativeiro durante a tr\u00e9gua entre Hamas e Israel no final de novembro de 2023.<\/p>\n<p>Dancyg, por outro lado, foi sequestrado no kibutz de Nir Oz, um dos mais atingidos pelos ataques de terroristas no dia 7 de outubro, nos quais cerca de 1,2 mil pessoas perderam a vida, 46 delas nesta comunidade.<\/p>\n<p>O F\u00f3rum de Fam\u00edlias de Ref\u00e9ns emitiu um comunicado ap\u00f3s saber de sua morte, que identificaram como \u201cum forte lembrete da urg\u00eancia de trazer para casa os ref\u00e9ns, que enfrentam perigo mortal o tempo todo no inferno do Hamas\u201d.<\/p>\n<p>\u201cSua morte em cativeiro \u00e9 um reflexo tr\u00e1gico das consequ\u00eancias do atraso nas negocia\u00e7\u00f5es\u201d, disseram, em um ataque contra o primeiro-ministro, Benjamin Netanyahu, a quem exigem diariamente que assine um acordo de cessar-fogo com o Hamas para que ocorra uma troca de ref\u00e9ns para prisioneiros palestinos.<\/p>\n<p>A organiza\u00e7\u00e3o apelou ao governo para que aprove \u201cimediatamente\u201d este acordo para trazer de volta os 120 ref\u00e9ns (116 raptados em 7 de outubro e quatro capturados anteriormente), tanto vivos como mortos.<\/p>\n<p>Na noite deste domingo, Netanyahu aprovou o envio novamente de uma delega\u00e7\u00e3o negociadora para as conversas do acordo de cessar-fogo com o Hamas, que t\u00eam ocorrido no Cairo e em Doha nas \u00faltimas semanas.<\/p>\n<p>Entretanto, o premi\u00ea viajou hoje para os Estados Unidos, onde pretende se reunir com o presidente, Joe Biden, cujos conselheiros diplom\u00e1ticos viajam constantemente para Israel e Oriente M\u00e9dio com o objetivo de desempenhar um papel mediador nas conversas.<\/p>\n<p><strong><a href=\"https:\/\/www.gazetadopovo.com.br\/mundo\/exercito-de-israel-confirma-morte-de-mais-dois-refens-do-hamas-na-faixa-de-gaza\/\">Source link<\/a><\/strong><\/p>\n<\/div>\n<p><br \/>\n<br \/><a href=\"https:\/\/paulofigueiredoshow.com\/israel-confirma-morte-de-dois-refens-do-hamas-na-faixa-de-gaza\/\">Source link <\/a><\/p>","protected":false},"excerpt":{"rendered":"<p>Foto &#8211; EFE\/EPA\/ANDY RAIN O Ex\u00e9rcito de Israel confirmou, nesta segunda-feira,\u00a0a morte de dois dos ref\u00e9ns que o grupo terrorista Hamas mantinha em cativeiro na Faixa de Gaza O Ex\u00e9rcito&hellip;<\/p>","protected":false},"author":1,"featured_media":5568,"comment_status":"closed","ping_status":"open","sticky":false,"template":"","format":"standard","meta":{"content-type":"","footnotes":""},"categories":[16],"tags":[],"class_list":["post-5567","post","type-post","status-publish","format-standard","has-post-thumbnail","hentry","category-noticias"],"_links":{"self":[{"href":"https:\/\/tvbrazilusa.com\/pt\/wp-json\/wp\/v2\/posts\/5567","targetHints":{"allow":["GET"]}}],"collection":[{"href":"https:\/\/tvbrazilusa.com\/pt\/wp-json\/wp\/v2\/posts"}],"about":[{"href":"https:\/\/tvbrazilusa.com\/pt\/wp-json\/wp\/v2\/types\/post"}],"author":[{"embeddable":true,"href":"https:\/\/tvbrazilusa.com\/pt\/wp-json\/wp\/v2\/users\/1"}],"replies":[{"embeddable":true,"href":"https:\/\/tvbrazilusa.com\/pt\/wp-json\/wp\/v2\/comments?post=5567"}],"version-history":[{"count":1,"href":"https:\/\/tvbrazilusa.com\/pt\/wp-json\/wp\/v2\/posts\/5567\/revisions"}],"predecessor-version":[{"id":5569,"href":"https:\/\/tvbrazilusa.com\/pt\/wp-json\/wp\/v2\/posts\/5567\/revisions\/5569"}],"wp:featuredmedia":[{"embeddable":true,"href":"https:\/\/tvbrazilusa.com\/pt\/wp-json\/wp\/v2\/media\/5568"}],"wp:attachment":[{"href":"https:\/\/tvbrazilusa.com\/pt\/wp-json\/wp\/v2\/media?parent=5567"}],"wp:term":[{"taxonomy":"category","embeddable":true,"href":"https:\/\/tvbrazilusa.com\/pt\/wp-json\/wp\/v2\/categories?post=5567"},{"taxonomy":"post_tag","embeddable":true,"href":"https:\/\/tvbrazilusa.com\/pt\/wp-json\/wp\/v2\/tags?post=5567"}],"curies":[{"name":"wp","href":"https:\/\/api.w.org\/{rel}","templated":true}]}}