{"id":5570,"date":"2023-03-14T23:08:22","date_gmt":"2023-03-14T23:08:22","guid":{"rendered":"https:\/\/tvbrazilusa.com\/2023\/03\/14\/14-de-marco-de-2019-4-anos-do-ato-institucional-no1-do-novo-regime\/"},"modified":"2023-03-14T23:08:22","modified_gmt":"2023-03-14T23:08:22","slug":"14-de-marco-de-2019-4-anos-do-ato-institucional-no1-do-novo-regime","status":"publish","type":"post","link":"https:\/\/tvbrazilusa.com\/pt\/2023\/03\/14\/14-de-marco-de-2019-4-anos-do-ato-institucional-no1-do-novo-regime\/","title":{"rendered":"14 de mar\u00e7o de 2019 &#8211; 4 anos do Ato Institucional N\u00ba1 do Novo Regime"},"content":{"rendered":"<p><iframe  width=\"580\" height=\"385\" src=\"https:\/\/www.youtube.com\/embed\/FcelNNCxe2I?modestbranding=1\" frameborder=\"0\" allowfullscreen><\/iframe><br \/>\n<br \/>Em 14 de mar\u00e7o de 2019, o ministro Toffoli, ent\u00e3o presidente do Supremo, iniciou a sess\u00e3o do dia no tribunal fazendo um breve discurso sobre a import\u00e2ncia da liberdade de imprensa e da independ\u00eancia do Judici\u00e1rio para a &#8220;democracia&#8221;. Em seguida, anunciou a abertura de um inqu\u00e9rito para investigar &#8220;denuncia\u00e7\u00f5es caluniosas, amea\u00e7as, inj\u00farias e difama\u00e7\u00f5es contra membros da corte e seus familiares&#8221;.<br \/>\n<br \/><a href=\"https:\/\/www.youtube.com\/watch?v=FcelNNCxe2I\">source<\/a><\/p>","protected":false},"excerpt":{"rendered":"<p>Em 14 de mar\u00e7o de 2019, o ministro Toffoli, ent\u00e3o presidente do Supremo, iniciou a sess\u00e3o do dia no tribunal fazendo um breve discurso sobre a import\u00e2ncia da liberdade de&hellip;<\/p>","protected":false},"author":1,"featured_media":5571,"comment_status":"","ping_status":"open","sticky":false,"template":"","format":"standard","meta":{"content-type":"","footnotes":""},"categories":[1],"tags":[],"class_list":["post-5570","post","type-post","status-publish","format-standard","has-post-thumbnail","hentry","category-uncategorized"],"_links":{"self":[{"href":"https:\/\/tvbrazilusa.com\/pt\/wp-json\/wp\/v2\/posts\/5570","targetHints":{"allow":["GET"]}}],"collection":[{"href":"https:\/\/tvbrazilusa.com\/pt\/wp-json\/wp\/v2\/posts"}],"about":[{"href":"https:\/\/tvbrazilusa.com\/pt\/wp-json\/wp\/v2\/types\/post"}],"author":[{"embeddable":true,"href":"https:\/\/tvbrazilusa.com\/pt\/wp-json\/wp\/v2\/users\/1"}],"replies":[{"embeddable":true,"href":"https:\/\/tvbrazilusa.com\/pt\/wp-json\/wp\/v2\/comments?post=5570"}],"version-history":[{"count":0,"href":"https:\/\/tvbrazilusa.com\/pt\/wp-json\/wp\/v2\/posts\/5570\/revisions"}],"wp:featuredmedia":[{"embeddable":true,"href":"https:\/\/tvbrazilusa.com\/pt\/wp-json\/wp\/v2\/media\/5571"}],"wp:attachment":[{"href":"https:\/\/tvbrazilusa.com\/pt\/wp-json\/wp\/v2\/media?parent=5570"}],"wp:term":[{"taxonomy":"category","embeddable":true,"href":"https:\/\/tvbrazilusa.com\/pt\/wp-json\/wp\/v2\/categories?post=5570"},{"taxonomy":"post_tag","embeddable":true,"href":"https:\/\/tvbrazilusa.com\/pt\/wp-json\/wp\/v2\/tags?post=5570"}],"curies":[{"name":"wp","href":"https:\/\/api.w.org\/{rel}","templated":true}]}}