{"id":5572,"date":"2024-07-22T14:30:00","date_gmt":"2024-07-22T14:30:00","guid":{"rendered":"https:\/\/tvbrazilusa.com\/2024\/07\/22\/vagas-na-secretaria-nacional-de-politicas-penais-inscricoes-abertas\/"},"modified":"2024-07-22T14:33:32","modified_gmt":"2024-07-22T14:33:32","slug":"vagas-na-secretaria-nacional-de-politicas-penais-inscricoes-abertas","status":"publish","type":"post","link":"https:\/\/tvbrazilusa.com\/pt\/2024\/07\/22\/vagas-na-secretaria-nacional-de-politicas-penais-inscricoes-abertas\/","title":{"rendered":"Vagas na Secretaria Nacional de Pol\u00edticas Penais, inscri\u00e7\u00f5es abertas!"},"content":{"rendered":"<p> <script async src=\"https:\/\/pagead2.googlesyndication.com\/pagead\/js\/adsbygoogle.js?client=ca-pub-8864793242727901\"\r\n     crossorigin=\"anonymous\"><\/script><br \/>\n<\/p>\n<div>\n<p>Interessados em ingressar nas \u00e1reas de engenharia e arquitetura t\u00eam uma \u00f3tima oportunidade este ano. A Secretaria Nacional de Pol\u00edticas Penais (SENAPPEN) acaba de anunciar o in\u00edcio das inscri\u00e7\u00f5es para seu mais recente processo seletivo. Este processo visa preencher v\u00e1rias vagas tempor\u00e1rias destinadas ao desenvolvimento e manuten\u00e7\u00e3o de infraestruturas prisionais.<\/p>\n<p>Desde o dia 15 de julho, profissionais dessas \u00e1reas podem enviar suas candidaturas para uma das 130 vagas dispon\u00edveis. A diversidade de cargos e especializa\u00e7\u00f5es requeridas transforma este processo seletivo em um chamado importante para engenheiros e arquitetos que buscam ampliar sua experi\u00eancia profissional em um contexto governamental \u00fanico.<\/p>\n<h2>Quais cargos est\u00e3o sendo oferecidos?<\/h2>\n<p>O processo de sele\u00e7\u00e3o da SENAPPEN destaca-se n\u00e3o apenas pela quantidade, mas pela diversidade de especialidades abrangidas. Os candidatos poder\u00e3o escolher entre posi\u00e7\u00f5es de especialista t\u00e9cnico de obras e analista t\u00e9cnico de obras. As vagas s\u00e3o distribu\u00eddas nas seguintes especialidades:<\/p>\n<ul>\n<li>Arquitetura<\/li>\n<li>Engenharia Ambiental e Sanitarista<\/li>\n<li>Engenharia Civil<\/li>\n<li>Engenharia El\u00e9trica<\/li>\n<li>Engenharia Hidr\u00e1ulica<\/li>\n<li>Or\u00e7amentista<\/li>\n<li>Calculista Estrutural<\/li>\n<li>Calculista de Funda\u00e7\u00f5es<\/li>\n<\/ul>\n<h2>Como se candidatar ao processo seletivo da SENAPPEN?<\/h2>\n<p>Os interessados t\u00eam at\u00e9 o dia 19 de agosto de 2024 para efetuar a inscri\u00e7\u00e3o por meio do site <strong>oficial da banca organizadora<\/strong>. \u00c9 fundamental que os candidatos estejam atentos ao prazo e \u00e0s exig\u00eancias do edital, que detalha todas as compet\u00eancias t\u00e9cnicas necess\u00e1rias e as etapas do processo seletivo. Al\u00e9m disso, uma taxa de inscri\u00e7\u00e3o no valor de R$ 80,00 \u00e9 requerida para a valida\u00e7\u00e3o da candidatura.<\/p>\n<h2>Por que considerar uma carreira no setor p\u00fablico como engenheiro ou arquiteto?<\/h2>\n<p>Trabalhar no setor p\u00fablico possui vantagens significativas, especialmente em campos t\u00e3o impactantes quanto a engenharia e a arquitetura. Os profissionais t\u00eam a chance de participar de projetos que influenciam diretamente a qualidade de vida e a seguran\u00e7a dos cidad\u00e3os, al\u00e9m de proporcionar uma experi\u00eancia robusta em gerenciamento de grandes projetos e conformidade regulat\u00f3ria.<\/p>\n<p>Al\u00e9m do mais, a vasta experi\u00eancia adquirida pode abrir portas para futuras oportunidades tanto no governo quanto na iniciativa privada. Somado a isso, h\u00e1 a estabilidade associada a cargos p\u00fablicos, que muitas vezes tamb\u00e9m contam com benef\u00edcios e planos de carreira bem definidos.<\/p>\n<\/p><\/div>\n<p><br \/>\n<br \/><a href=\"https:\/\/terrabrasilnoticias.com\/2024\/07\/vagas-na-secretaria-nacional-de-politicas-penais-inscricoes-abertas\/\">Source link <\/a><\/p>","protected":false},"excerpt":{"rendered":"<p>Interessados em ingressar nas \u00e1reas de engenharia e arquitetura t\u00eam uma \u00f3tima oportunidade este ano. A Secretaria Nacional de Pol\u00edticas Penais (SENAPPEN) acaba de anunciar o in\u00edcio das inscri\u00e7\u00f5es para&hellip;<\/p>","protected":false},"author":1,"featured_media":5573,"comment_status":"closed","ping_status":"open","sticky":false,"template":"","format":"standard","meta":{"content-type":"","footnotes":""},"categories":[16],"tags":[],"class_list":["post-5572","post","type-post","status-publish","format-standard","has-post-thumbnail","hentry","category-noticias"],"_links":{"self":[{"href":"https:\/\/tvbrazilusa.com\/pt\/wp-json\/wp\/v2\/posts\/5572","targetHints":{"allow":["GET"]}}],"collection":[{"href":"https:\/\/tvbrazilusa.com\/pt\/wp-json\/wp\/v2\/posts"}],"about":[{"href":"https:\/\/tvbrazilusa.com\/pt\/wp-json\/wp\/v2\/types\/post"}],"author":[{"embeddable":true,"href":"https:\/\/tvbrazilusa.com\/pt\/wp-json\/wp\/v2\/users\/1"}],"replies":[{"embeddable":true,"href":"https:\/\/tvbrazilusa.com\/pt\/wp-json\/wp\/v2\/comments?post=5572"}],"version-history":[{"count":1,"href":"https:\/\/tvbrazilusa.com\/pt\/wp-json\/wp\/v2\/posts\/5572\/revisions"}],"predecessor-version":[{"id":5574,"href":"https:\/\/tvbrazilusa.com\/pt\/wp-json\/wp\/v2\/posts\/5572\/revisions\/5574"}],"wp:featuredmedia":[{"embeddable":true,"href":"https:\/\/tvbrazilusa.com\/pt\/wp-json\/wp\/v2\/media\/5573"}],"wp:attachment":[{"href":"https:\/\/tvbrazilusa.com\/pt\/wp-json\/wp\/v2\/media?parent=5572"}],"wp:term":[{"taxonomy":"category","embeddable":true,"href":"https:\/\/tvbrazilusa.com\/pt\/wp-json\/wp\/v2\/categories?post=5572"},{"taxonomy":"post_tag","embeddable":true,"href":"https:\/\/tvbrazilusa.com\/pt\/wp-json\/wp\/v2\/tags?post=5572"}],"curies":[{"name":"wp","href":"https:\/\/api.w.org\/{rel}","templated":true}]}}