{"id":55723,"date":"2024-11-07T17:37:57","date_gmt":"2024-11-07T17:37:57","guid":{"rendered":"https:\/\/tvbrazilusa.com\/2024\/11\/07\/distanciamento-da-classe-trabalhadora-prejudica-os-democratas-e-acende-um-alerta-para-o-pt\/"},"modified":"2024-11-07T17:37:58","modified_gmt":"2024-11-07T17:37:58","slug":"distanciamento-da-classe-trabalhadora-prejudica-os-democratas-e-acende-um-alerta-para-o-pt","status":"publish","type":"post","link":"https:\/\/tvbrazilusa.com\/pt\/2024\/11\/07\/distanciamento-da-classe-trabalhadora-prejudica-os-democratas-e-acende-um-alerta-para-o-pt\/","title":{"rendered":"Distanciamento da classe trabalhadora prejudica os democratas e acende um alerta para o PT"},"content":{"rendered":"<p> <script async src=\"https:\/\/pagead2.googlesyndication.com\/pagead\/js\/adsbygoogle.js?client=ca-pub-8864793242727901\"\r\n     crossorigin=\"anonymous\"><\/script><br \/>\n<\/p>\n<div id=\"taboola-read-more\" style=\"display:block; width:100%\">\n<p tabindex=\"0\">A volta de Donald Trump \u00e0 Presid\u00eancia dos Estados Unidos, numa elei\u00e7\u00e3o que tamb\u00e9m deu aos republicanos maioria no Senado e provavelmente na C\u00e2mara, demonstrou, mais uma vez, a desconex\u00e3o do Partido Democrata com a classe trabalhadora que afirma representar. Trump ainda conseguiu atrair parte de estratos que a candidata Kamala Harris e a ala mais \u00e0 esquerda dos democratas tentaram seduzir: jovens, latinos, negros, imigrantes. A derrota serve de alerta ao Partido dos Trabalhadores, que tem tido dificuldades de emplacar suas pautas sindicalistas e progressistas.\n<\/p>\n<p tabindex=\"0\">Analistas consultados pela reportagem apontaram v\u00e1rios fatores para esse afastamento do Partido Democrata do americano m\u00e9dio comum. A maioria entende que a administra\u00e7\u00e3o do presidente dos EUA, o democrata Joe Biden, deixou a desejar na economia, especialmente devido ao pico de infla\u00e7\u00e3o, alimentado pelo Plano de Resgate, lan\u00e7ado em 2021 pelo democrata. O cen\u00e1rio foi agravado por um evento n\u00e3o controlado por Biden, a invas\u00e3o da R\u00fassia \u00e0 Ucr\u00e2nia em 2022. Desde ent\u00e3o, a alta de pre\u00e7os cedeu, o crescimento se manteve est\u00e1vel e o desemprego segue baixo.<\/p>\n<p tabindex=\"0\">Apesar de os Estados Unidos terem seguido criando empregos e registrado crescimento recorde, a infla\u00e7\u00e3o gerou perda do poder de compra e dificuldade de aumentar a renda, o que se refletiu na redu\u00e7\u00e3o do consumo das fam\u00edlias.\n<\/p>\n<p tabindex=\"0\">Al\u00e9m disso, o peso dado por Harris a pautas identit\u00e1rias (agenda \u201cwoke\u201d), sua dificuldade em se desvincular da administra\u00e7\u00e3o Biden, com um discurso pouco convincente de mudan\u00e7a, e sua entrada tardia no posto de candidata no lugar de Biden foram fatores adicionais para sepultar suas chances reais de vit\u00f3ria sobre Trump.\n<\/p>\n<p tabindex=\"0\">Fica a li\u00e7\u00e3o de que, se n\u00e3o se reconectar com os anseios do cidad\u00e3o comum, o Partido Democrata ser\u00e1 arruinado. E o alerta para o PT e a esquerda brasileira de que, se seguir pelo mesmo caminho, tamb\u00e9m cair\u00e1 em desgra\u00e7a nas elei\u00e7\u00f5es gerais de 2026, ap\u00f3s o tombo que levou nas urnas nas elei\u00e7\u00f5es municipais deste ano.\n<\/p>\n<p tabindex=\"0\">Antes da elei\u00e7\u00e3o, o presidente Luiz In\u00e1cio Lula da Silva (PT) manifestou prefer\u00eancia pela elei\u00e7\u00e3o de Kamala Harris. Nesta quarta-feira (6), ele parabenizou Trump, mas v\u00e1rios petistas continuaram os ataques ao novo presidente eleito, alegando que ele representa uma amea\u00e7a \u00e0 democracia.\n<\/p>\n<p tabindex=\"0\">\u201cFicou muito claro, na Vit\u00f3ria do Trump e dos Republicanos no Congresso, o descolamento da agenda progressista do Partido Democrata em rela\u00e7\u00e3o aos eleitores e da realidade dos Estados Unidos. Est\u00e1 comprovado que a sociedade americana est\u00e1 mais conservadora\u201d, avalia o professor de Rela\u00e7\u00f5es Internacionais da faculdade ESPM Roberto Uebel.\n<\/p>\n<p tabindex=\"0\">\u201cO que explica a vit\u00f3ria do Trump s\u00e3o erros estrat\u00e9gicos. Dos democratas, primeiro, de apostar na reelei\u00e7\u00e3o do Biden. E depois, tardiamente, retirar Biden e colocar Kamala Harris. Al\u00e9m disso, um discurso voltado muito para pautas sociais, sendo que o decisivo era a pauta econ\u00f4mica. O governo Biden entregou uma economia fragilizada, em ponto morto, que n\u00e3o foi suficiente para ganhar as elei\u00e7\u00f5es\u201d, acrescenta o professor.\n<\/p>\n<p tabindex=\"0\">Professor e doutor em Ci\u00eancia Pol\u00edtica e coordenador do curso de Rela\u00e7\u00f5es Internacionais do IBMEC, Adriano Gianturco aponta para pesquisa realizada h\u00e1 d\u00e9cadas pela Universidade de Michigan, em anos eleitorais, que mede o otimismo do consumidor. Em regra, quando est\u00e1 acima de 80 (num \u00edndice de 0 a 100), os presidentes tendem a se reeleger; quando est\u00e1 abaixo, perdem. Neste ano, o \u00edndice atingiu o pior patamar na s\u00e9rie hist\u00f3rica iniciada em 1956: 70,5.\n<\/p>\n<p tabindex=\"0\">O aumento do custo de vida foi um problema para os democratas na elei\u00e7\u00e3o deste ano. Uma pesquisa de boca de urna da CNN americana mostrou que 2\/3 dos eleitores consideram que a economia est\u00e1 ruim e quase metade deles diz que suas fam\u00edlias est\u00e3o numa situa\u00e7\u00e3o pior que quatro anos atr\u00e1s \u2013 em 2020, quando Trump era presidente, apenas um quinto falava isso em rela\u00e7\u00e3o a 2016, antes de ele assumir a Casa Branca.\n<\/p>\n<p><strong>Discurso da luta de classes est\u00e1 enfraquecido<\/strong><br \/>O ex-ministro de Rela\u00e7\u00f5es Exteriores Ernesto Ara\u00fajo acredita que \u201ch\u00e1 uma tend\u00eancia de esfacelamento da base democrata\u201d.\n<\/p>\n<p>\u201cRealmente abandonaram a classe m\u00e9dia trabalhadora. Era algo que j\u00e1 havia come\u00e7ado em 2016 e n\u00e3o conseguiram recuperar. Ao contr\u00e1rio, solidificaram esse pessoal no lado republicano. N\u00e3o fizeram nada para reconquist\u00e1-lo. S\u00f3 bateram no Trump, o que, por extens\u00e3o, \u00e9 bater nas pessoas que gostam do Trump. N\u00e3o deram nenhum motivo para as pessoas gostarem deles\u201d, diz o diplomata, que desde 2021 vive nos Estados Unidos \u2013 licenciado, ele hoje oferece cursos online no academiafolhapolitica.org.\n<\/p>\n<p>Para Leandro Gabiati, doutor em ci\u00eancia pol\u00edtica da consultoria Dominium, a esquerda brasileira tamb\u00e9m precisa se atualizar, especialmente para superar a vis\u00e3o da luta de classes.\n<\/p>\n<p>\u201c\u00c9 necess\u00e1ria uma nova interpreta\u00e7\u00e3o da realidade, que n\u00e3o existe mais classe, o microempreendedor tamb\u00e9m \u00e9 o trabalhador. Como a esquerda tem um DNA classista, tem dificuldades, enfrenta barreiras e entraves que a impedem de encarrar com facilidade essa mudan\u00e7a de vis\u00e3o de mundo, n\u00e3o \u00e9 simples, precisa atualizar e mudar, a elei\u00e7\u00e3o de Trump traz essa an\u00e1lise\u201d, diz.\n<\/p>\n<p>O advogado e comentarista pol\u00edtico Alexandre Pires, por sua vez, acrescenta que o discurso em torno da luta de classes vem perdendo for\u00e7a em v\u00e1rios lugares do mundo. Tra\u00e7os comuns desse fen\u00f4meno s\u00e3o, para ele, a recomposi\u00e7\u00e3o dos padr\u00f5es de consumo e o surgimento de redes sociais.\n<\/p>\n<p>\u201cNo caso brasileiro h\u00e1 um crescimento econ\u00f4mico muito baixo. Temos quase uma d\u00e9cada e meia perdida. Ent\u00e3o existem frustra\u00e7\u00f5es em todas as classes, em todos os n\u00edveis de renda e em todos os n\u00edveis de patrim\u00f4nio\u201d, diz.\n<\/p>\n<p>Para o especialista, isso pesa mesmo sobre aqueles que est\u00e3o se aproveitando de ciclos de crescimento e de ascens\u00e3o.\n<\/p>\n<p>\u201cO discurso de classe n\u00e3o consegue mais dividir o eleitorado e isso se provou verdade [no Brasil] pelas zonas eleitorais que tradicionalmente eram vencidas por partidos associados \u00e0 esquerda e que foram derrotados por candidatos associados \u00e0 direita.\u201d\n<\/p>\n<p><strong>Agenda &#8220;woke&#8221; afastou esquerda do cidad\u00e3o m\u00e9dio<\/strong><br \/>Adriano Gianturco cita ainda que a desconex\u00e3o da esquerda americana e em v\u00e1rias partes do mundo com os anseios reais das pessoas comuns come\u00e7ou h\u00e1 d\u00e9cadas. O fosso se aprofundou com a agenda \u201cwoke\u201d, que privilegia temas como aborto, direitos LGBT, divis\u00e3o racial e ambientalismo.\n<\/p>\n<p>\u201cVejo o Partido Democrata j\u00e1 muito cansado disso. O n\u00famero de empresas saindo do ESG [governan\u00e7a ambiental, social e corporativa] est\u00e1 aumentando&#8221;, comentou o professor do IBMEC.\n<\/p>\n<p>&#8220;No outro lado, os conservadores est\u00e3o numa trajet\u00f3ria de ascend\u00eancia. Entre jovens, ainda s\u00e3o pequenos, mas est\u00e3o crescendo. Hoje, ser contracultura \u00e9 ser direta nos Estados Unidos, porque, especialmente entre os jovens, a cultura dominante, a vis\u00e3o dominante, \u00e9 de esquerda. Quem \u00e9 de direita \u00e9 transgressivo. E eles t\u00eam pautas novas, diferentes, como o desafio da ordem global, o antiglobalismo\u201d, conclui.<\/p>\n<p>Fonte: Gazeta do Povo              <\/p>\n<\/div>\n<p><br \/>\n<br \/><a href=\"https:\/\/diariodobrasilnoticias.com.br\/noticia\/-distanciamento-da-classe-trabalhadora-prejudica-os-democratas-e-acende-um-alerta-para-o-pt-672ce922b440d\">Source link <\/a><\/p>","protected":false},"excerpt":{"rendered":"<p>A volta de Donald Trump \u00e0 Presid\u00eancia dos Estados Unidos, numa elei\u00e7\u00e3o que tamb\u00e9m deu aos republicanos maioria no Senado e provavelmente na C\u00e2mara, demonstrou, mais uma vez, a desconex\u00e3o&hellip;<\/p>","protected":false},"author":1,"featured_media":55724,"comment_status":"closed","ping_status":"open","sticky":false,"template":"","format":"standard","meta":{"content-type":"","footnotes":""},"categories":[16],"tags":[123,2448,5313,1267],"class_list":["post-55723","post","type-post","status-publish","format-standard","has-post-thumbnail","hentry","category-noticias","tag-brasil","tag-diario","tag-noticia","tag-noticias"],"_links":{"self":[{"href":"https:\/\/tvbrazilusa.com\/pt\/wp-json\/wp\/v2\/posts\/55723","targetHints":{"allow":["GET"]}}],"collection":[{"href":"https:\/\/tvbrazilusa.com\/pt\/wp-json\/wp\/v2\/posts"}],"about":[{"href":"https:\/\/tvbrazilusa.com\/pt\/wp-json\/wp\/v2\/types\/post"}],"author":[{"embeddable":true,"href":"https:\/\/tvbrazilusa.com\/pt\/wp-json\/wp\/v2\/users\/1"}],"replies":[{"embeddable":true,"href":"https:\/\/tvbrazilusa.com\/pt\/wp-json\/wp\/v2\/comments?post=55723"}],"version-history":[{"count":1,"href":"https:\/\/tvbrazilusa.com\/pt\/wp-json\/wp\/v2\/posts\/55723\/revisions"}],"predecessor-version":[{"id":55725,"href":"https:\/\/tvbrazilusa.com\/pt\/wp-json\/wp\/v2\/posts\/55723\/revisions\/55725"}],"wp:featuredmedia":[{"embeddable":true,"href":"https:\/\/tvbrazilusa.com\/pt\/wp-json\/wp\/v2\/media\/55724"}],"wp:attachment":[{"href":"https:\/\/tvbrazilusa.com\/pt\/wp-json\/wp\/v2\/media?parent=55723"}],"wp:term":[{"taxonomy":"category","embeddable":true,"href":"https:\/\/tvbrazilusa.com\/pt\/wp-json\/wp\/v2\/categories?post=55723"},{"taxonomy":"post_tag","embeddable":true,"href":"https:\/\/tvbrazilusa.com\/pt\/wp-json\/wp\/v2\/tags?post=55723"}],"curies":[{"name":"wp","href":"https:\/\/api.w.org\/{rel}","templated":true}]}}