{"id":55761,"date":"2024-11-07T18:35:37","date_gmt":"2024-11-07T18:35:37","guid":{"rendered":"https:\/\/tvbrazilusa.com\/2024\/11\/07\/homem-de-tamarac-e-preso-apos-sobrinho-de-6-anos-se-matar-com-tiro-dizem-autoridades-wsvn-7news-noticias-de-miami-clima-esportes-fort-lauderdale\/"},"modified":"2024-11-07T18:38:48","modified_gmt":"2024-11-07T18:38:48","slug":"homem-de-tamarac-e-preso-apos-sobrinho-de-6-anos-se-matar-com-tiro-dizem-autoridades-wsvn-7news-noticias-de-miami-clima-esportes-fort-lauderdale","status":"publish","type":"post","link":"https:\/\/tvbrazilusa.com\/pt\/2024\/11\/07\/homem-de-tamarac-e-preso-apos-sobrinho-de-6-anos-se-matar-com-tiro-dizem-autoridades-wsvn-7news-noticias-de-miami-clima-esportes-fort-lauderdale\/","title":{"rendered":"Homem de Tamarac \u00e9 preso ap\u00f3s sobrinho de 6 anos se matar com tiro, dizem autoridades &#8211; WSVN 7News | Not\u00edcias de Miami, clima, esportes | Fort Lauderdale"},"content":{"rendered":"<p> <script async src=\"https:\/\/pagead2.googlesyndication.com\/pagead\/js\/adsbygoogle.js?client=ca-pub-8864793242727901\"\r\n     crossorigin=\"anonymous\"><\/script><br \/>\n<\/p>\n<div itemprop=\"articleBody\">\n<p>TAMARAC, FL. (WSVN) &#8211; Um homem Tamarac foi preso em conex\u00e3o com o acidente <a href=\"https:\/\/wsvn.com\/news\/local\/broward\/child-found-dead-after-shooting-at-tamarac-home\/\" data-type=\"link\" data-id=\"https:\/\/wsvn.com\/news\/local\/broward\/child-found-dead-after-shooting-at-tamarac-home\/\">morte a tiros de seu sobrinho de 6 anos<\/a>segundo as autoridades.<\/p>\n<p>O Gabinete do Xerife de Broward anunciou que Carika Hall, de 25 anos, foi preso na quarta-feira pela morte de Odaine Hall, que foi encontrado com um ferimento \u00e0 bala dentro de uma resid\u00eancia perto do bloco 5.600 da Rock Island Road em 30 de setembro.<\/p>\n<p>Os deputados do BSO e o Tamarac Fire Rescue responderam ao local por volta das 15h30, onde encontraram a crian\u00e7a sofrendo de um \u00fanico ferimento \u00e0 bala.<\/p>\n<p>Odaine foi declarado morto no local.<\/p>\n<p>Os investigadores determinaram que o menino estava sendo supervisionado por seu tio, Carika Hall, quando encontrou uma arma de fogo desprotegida e acidentalmente atirou em si mesmo.<\/p>\n<p>Hall enfrenta acusa\u00e7\u00f5es de neglig\u00eancia culposa e neglig\u00eancia de uma crian\u00e7a.<\/p>\n<p><em>Copyright 2024 Sunbeam Television Corp. Todos os direitos reservados. Este material n\u00e3o pode ser publicado, transmitido, reescrito ou redistribu\u00eddo.<\/em><\/p>\n<div class=\"wp-block-newsletter\">\n\t<strong class=\"wp-block-newsletter__title\">Cadastre-se em nosso boletim informativo para receber as \u00faltimas not\u00edcias diretamente na sua caixa de entrada<\/strong><\/p>\n<\/div><\/div>\n<p><br \/>\n<br \/><a href=\"https:\/\/wsvn.com\/news\/local\/broward\/tamarac-man-arrested-after-6-year-old-nephew-fatally-shoots-himself-officials-say\/\">Source link <\/a><\/p>","protected":false},"excerpt":{"rendered":"<p>TAMARAC, FL. (WSVN) &#8211; Um homem Tamarac foi preso em conex\u00e3o com o acidente morte a tiros de seu sobrinho de 6 anossegundo as autoridades. O Gabinete do Xerife de&hellip;<\/p>","protected":false},"author":1,"featured_media":55762,"comment_status":"closed","ping_status":"open","sticky":false,"template":"","format":"standard","meta":{"content-type":"","footnotes":""},"categories":[1],"tags":[],"class_list":["post-55761","post","type-post","status-publish","format-standard","has-post-thumbnail","hentry","category-uncategorized"],"_links":{"self":[{"href":"https:\/\/tvbrazilusa.com\/pt\/wp-json\/wp\/v2\/posts\/55761","targetHints":{"allow":["GET"]}}],"collection":[{"href":"https:\/\/tvbrazilusa.com\/pt\/wp-json\/wp\/v2\/posts"}],"about":[{"href":"https:\/\/tvbrazilusa.com\/pt\/wp-json\/wp\/v2\/types\/post"}],"author":[{"embeddable":true,"href":"https:\/\/tvbrazilusa.com\/pt\/wp-json\/wp\/v2\/users\/1"}],"replies":[{"embeddable":true,"href":"https:\/\/tvbrazilusa.com\/pt\/wp-json\/wp\/v2\/comments?post=55761"}],"version-history":[{"count":1,"href":"https:\/\/tvbrazilusa.com\/pt\/wp-json\/wp\/v2\/posts\/55761\/revisions"}],"predecessor-version":[{"id":55763,"href":"https:\/\/tvbrazilusa.com\/pt\/wp-json\/wp\/v2\/posts\/55761\/revisions\/55763"}],"wp:featuredmedia":[{"embeddable":true,"href":"https:\/\/tvbrazilusa.com\/pt\/wp-json\/wp\/v2\/media\/55762"}],"wp:attachment":[{"href":"https:\/\/tvbrazilusa.com\/pt\/wp-json\/wp\/v2\/media?parent=55761"}],"wp:term":[{"taxonomy":"category","embeddable":true,"href":"https:\/\/tvbrazilusa.com\/pt\/wp-json\/wp\/v2\/categories?post=55761"},{"taxonomy":"post_tag","embeddable":true,"href":"https:\/\/tvbrazilusa.com\/pt\/wp-json\/wp\/v2\/tags?post=55761"}],"curies":[{"name":"wp","href":"https:\/\/api.w.org\/{rel}","templated":true}]}}