{"id":55767,"date":"2024-11-07T18:47:34","date_gmt":"2024-11-07T18:47:34","guid":{"rendered":"https:\/\/tvbrazilusa.com\/2024\/11\/07\/rombo-gigante-contas-do-governo-federal-passa-de-bilhoes-no-ano\/"},"modified":"2024-11-07T18:47:36","modified_gmt":"2024-11-07T18:47:36","slug":"rombo-gigante-contas-do-governo-federal-passa-de-bilhoes-no-ano","status":"publish","type":"post","link":"https:\/\/tvbrazilusa.com\/pt\/2024\/11\/07\/rombo-gigante-contas-do-governo-federal-passa-de-bilhoes-no-ano\/","title":{"rendered":"ROMBO GIGANTE: Contas do governo federal passa de bilh\u00f5es no ano"},"content":{"rendered":"<p> <script async src=\"https:\/\/pagead2.googlesyndication.com\/pagead\/js\/adsbygoogle.js?client=ca-pub-8864793242727901\"\r\n     crossorigin=\"anonymous\"><\/script><br \/>\n<\/p>\n<div id=\"taboola-read-more\" style=\"display:block; width:100%\">\n<p>O governo federal acumulou d\u00e9ficit prim\u00e1rio de R$ 105,2 bilh\u00f5es nos nove primeiros meses do ano. O rombo \u00e9 maior que o apurado no mesmo per\u00edodo de 2023, quando o d\u00e9ficit acumulado foi de R$ 94,3 bilh\u00f5es, em termos nominais. Os n\u00fameros foram divulgado pelo Tesouro Nacional nesta quinta-feira (7).\n<\/p>\n<p>Os n\u00fameros s\u00e3o do resultado prim\u00e1rio das contas federais e, portanto, n\u00e3o incluem o pagamento dos juros da d\u00edvida p\u00fablica.<\/p>\n<p>&#8220;Esse resultado foi composto por um super\u00e1vit de R$ 160,6 bilh\u00f5es do Tesouro Nacional e do Banco Central e por um d\u00e9ficit de R$ 265,8 bilh\u00f5es na Previd\u00eancia Social&#8221;, informou o Tesouro.\n<\/p>\n<p>Nesse per\u00edodo, a receita l\u00edquida (j\u00e1 descontadas transfer\u00eancias a estados e munic\u00edpios) aumentou 6,4% em termos reais, o que corresponde a uma alta de R$ 94,2 bilh\u00f5es sobre igual per\u00edodo do ano passado. A despesa cresceu mais: 6,5%, ou R$ 101,4 bilh\u00f5es.\n<\/p>\n<p>500 milh\u00f5es acima do limite inferior da meta fiscal, que autoriza d\u00e9ficit de no m\u00e1ximo R$ 28,8 bilh\u00f5es.\n<\/p>\n<p>Isoladamente, o resultado de setembro tamb\u00e9m foi negativo. No m\u00eas, o governo registrou d\u00e9ficit prim\u00e1rio de R$ 5,3 bilh\u00f5es, acima da mediana das expectativas colhidas pela pesquisa Prisma Fiscal, que indicavam d\u00e9ficit de R$ 2 bilh\u00f5es. O resultado tamb\u00e9m \u00e9 pior que o de setembro de 2023, quando o Tesouro obteve super\u00e1vit prim\u00e1rio de R$ 11,6 bilh\u00f5es, em termos nominais.\n<\/p>\n<p><strong>Em greve, t\u00e9cnicos do Tesouro n\u00e3o liberam tabelas detalhadas sobre o d\u00e9ficit prim\u00e1rio<\/strong>\n<\/p>\n<p>Ao contr\u00e1rio de ocasi\u00f5es anteriores, em que o Tesouro publicava simultaneamente o relat\u00f3rio e todas as tabelas referentes ao resultado prim\u00e1rio, desta vez apenas um sum\u00e1rio foi divulgado \u00e0 imprensa. Informa\u00e7\u00f5es detalhadas ser\u00e3o publicadas apenas na pr\u00f3xima semana.\n<\/p>\n<p>Segundo a assessoria do Tesouro, o motivo \u00e9 a &#8220;movimenta\u00e7\u00e3o da carreira&#8221;, isto \u00e9, a greve de servidores. Embora tenha tabulado os dados completos, o corpo t\u00e9cnico &#8220;n\u00e3o liberou a disponibiliza\u00e7\u00e3o do documento&#8221; \u00e0 imprensa neste primeiro momento.\n<\/p>\n<p>Fonte: Gazeta do Povo              <\/p>\n<\/div>\n<p><br \/>\n<br \/><a href=\"https:\/\/diariodobrasilnoticias.com.br\/noticia\/rombo-do-governo-federal-passa-de-bilhoes-no-ano-672cfc0fb1706\">Source link <\/a><\/p>","protected":false},"excerpt":{"rendered":"<p>O governo federal acumulou d\u00e9ficit prim\u00e1rio de R$ 105,2 bilh\u00f5es nos nove primeiros meses do ano. O rombo \u00e9 maior que o apurado no mesmo per\u00edodo de 2023, quando o&hellip;<\/p>","protected":false},"author":1,"featured_media":55768,"comment_status":"closed","ping_status":"open","sticky":false,"template":"","format":"standard","meta":{"content-type":"","footnotes":""},"categories":[16],"tags":[123,2448,5313,1267],"class_list":["post-55767","post","type-post","status-publish","format-standard","has-post-thumbnail","hentry","category-noticias","tag-brasil","tag-diario","tag-noticia","tag-noticias"],"_links":{"self":[{"href":"https:\/\/tvbrazilusa.com\/pt\/wp-json\/wp\/v2\/posts\/55767","targetHints":{"allow":["GET"]}}],"collection":[{"href":"https:\/\/tvbrazilusa.com\/pt\/wp-json\/wp\/v2\/posts"}],"about":[{"href":"https:\/\/tvbrazilusa.com\/pt\/wp-json\/wp\/v2\/types\/post"}],"author":[{"embeddable":true,"href":"https:\/\/tvbrazilusa.com\/pt\/wp-json\/wp\/v2\/users\/1"}],"replies":[{"embeddable":true,"href":"https:\/\/tvbrazilusa.com\/pt\/wp-json\/wp\/v2\/comments?post=55767"}],"version-history":[{"count":1,"href":"https:\/\/tvbrazilusa.com\/pt\/wp-json\/wp\/v2\/posts\/55767\/revisions"}],"predecessor-version":[{"id":55769,"href":"https:\/\/tvbrazilusa.com\/pt\/wp-json\/wp\/v2\/posts\/55767\/revisions\/55769"}],"wp:featuredmedia":[{"embeddable":true,"href":"https:\/\/tvbrazilusa.com\/pt\/wp-json\/wp\/v2\/media\/55768"}],"wp:attachment":[{"href":"https:\/\/tvbrazilusa.com\/pt\/wp-json\/wp\/v2\/media?parent=55767"}],"wp:term":[{"taxonomy":"category","embeddable":true,"href":"https:\/\/tvbrazilusa.com\/pt\/wp-json\/wp\/v2\/categories?post=55767"},{"taxonomy":"post_tag","embeddable":true,"href":"https:\/\/tvbrazilusa.com\/pt\/wp-json\/wp\/v2\/tags?post=55767"}],"curies":[{"name":"wp","href":"https:\/\/api.w.org\/{rel}","templated":true}]}}