{"id":55776,"date":"2024-11-07T19:05:04","date_gmt":"2024-11-07T19:05:04","guid":{"rendered":"https:\/\/tvbrazilusa.com\/2024\/11\/07\/entenda-o-que-e-a-demencia-frontotemporal-a-doenca-de-bruce-willis\/"},"modified":"2024-11-07T19:05:05","modified_gmt":"2024-11-07T19:05:05","slug":"entenda-o-que-e-a-demencia-frontotemporal-a-doenca-de-bruce-willis","status":"publish","type":"post","link":"https:\/\/tvbrazilusa.com\/pt\/2024\/11\/07\/entenda-o-que-e-a-demencia-frontotemporal-a-doenca-de-bruce-willis\/","title":{"rendered":"Entenda o que \u00e9 a dem\u00eancia frontotemporal, a doen\u00e7a de Bruce Willis"},"content":{"rendered":"<p> <script async src=\"https:\/\/pagead2.googlesyndication.com\/pagead\/js\/adsbygoogle.js?client=ca-pub-8864793242727901\"\r\n     crossorigin=\"anonymous\"><\/script><br \/>\n<\/p>\n<div id=\"taboola-read-more\" style=\"display:block; width:100%\">\n<p>A fam\u00edlia de Bruce Willis informou, nesta quinta (16\/2), que o ator foi diagnosticado com dem\u00eancia frontotemporal (DFT). Em 2022, foi anunciado que ele se aposentaria depois de um diagn\u00f3stico de afasia (dificuldades na fala), que evoluiu para o quadro atual.\n<\/p>\n<p>\u201cInfelizmente, desafios com comunica\u00e7\u00e3o s\u00e3o apenas um sintoma da doen\u00e7a que Bruce enfrenta. Enquanto isso \u00e9 doloroso, \u00e9 um al\u00edvio finalmente chegar a um diagn\u00f3stico claro\u201d, afirmam os familiares do ator.<\/p>\n<p>De acordo com o Manual MSD, cerca de metade das DFTs s\u00e3o heredit\u00e1rias. Os principais efeitos da doen\u00e7a s\u00e3o mudan\u00e7as na personalidade, comportamento e linguagem \u2014 apesar de alguns casos terem perda de mem\u00f3ria, o sinal n\u00e3o \u00e9 t\u00e3o comum quanto no Alzheimer, outro tipo de dem\u00eancia.\n<\/p>\n<p>O paciente tem dificuldade no racioc\u00ednio abstrato e na aten\u00e7\u00e3o, responde perguntas de maneira desordenada, torna-se impulsivo, perde as inibi\u00e7\u00f5es sociais e negligencia a higiene pessoal. O comportamento torna-se repetitivo e estereotipado e h\u00e1 redu\u00e7\u00e3o da express\u00e3o verbal, com repeti\u00e7\u00e3o excessiva de algumas palavras.\n<\/p>\n<p>Muitas pessoas com DFT t\u00eam, como Willis, diagn\u00f3stico de afasia, quando h\u00e1 redu\u00e7\u00e3o da flu\u00eancia, dificuldade de compreens\u00e3o da linguagem e hesita\u00e7\u00e3o \u2014 este pode ser o \u00fanico sintoma antes do diagn\u00f3stico em alguns pacientes.\n<\/p>\n<p>\u00c9 poss\u00edvel que o indiv\u00edduo tenha, com o avan\u00e7o da doen\u00e7a, atrofia muscular generalizada, fraqueza, fascicula\u00e7\u00f5es e dificuldade para mastigar \u2014 por isso, pode ter risco de pneumonia por aspira\u00e7\u00e3o e at\u00e9 morte prematura. A condi\u00e7\u00e3o \u00e9 irrevers\u00edvel.\n<\/p>\n<p>\u201cDFT \u00e9 uma doen\u00e7a cruel que muitos de n\u00f3s nunca ouvimos falar e que pode atingir qualquer um. Para pessoas com menos de 60 anos, DFT \u00e9 a forma mais comum de dem\u00eancia, e como o diagn\u00f3stico pode levar anos, a DFT \u00e9 provavelmente muito mais dominante do que sabemos. Atualmente, n\u00e3o h\u00e1 tratamentos para a doen\u00e7a, uma realidade que esperamos poder mudar nos anos \u00e0 frente. \u00c0 medida que a condi\u00e7\u00e3o de Bruce avan\u00e7a, esperamos que qualquer aten\u00e7\u00e3o da m\u00eddia possa se concentrar em iluminar esta doen\u00e7a que precisa de muito mais conscientiza\u00e7\u00e3o e pesquisa\u201d, diz o comunicado da fam\u00edlia de Willis.\n<\/p>\n<p>Fonte: Metr\u00f3poles              <\/p>\n<\/div>\n<p><br \/>\n<br \/><a href=\"https:\/\/diariodobrasilnoticias.com.br\/noticia\/entenda-o-que-e-a-demencia-frontotemporal-a-doenca-de-bruce-willis-672cf9c819449\">Source link <\/a><\/p>","protected":false},"excerpt":{"rendered":"<p>A fam\u00edlia de Bruce Willis informou, nesta quinta (16\/2), que o ator foi diagnosticado com dem\u00eancia frontotemporal (DFT). Em 2022, foi anunciado que ele se aposentaria depois de um diagn\u00f3stico&hellip;<\/p>","protected":false},"author":1,"featured_media":55777,"comment_status":"closed","ping_status":"open","sticky":false,"template":"","format":"standard","meta":{"content-type":"","footnotes":""},"categories":[16],"tags":[123,2448,5313,1267],"class_list":["post-55776","post","type-post","status-publish","format-standard","has-post-thumbnail","hentry","category-noticias","tag-brasil","tag-diario","tag-noticia","tag-noticias"],"_links":{"self":[{"href":"https:\/\/tvbrazilusa.com\/pt\/wp-json\/wp\/v2\/posts\/55776","targetHints":{"allow":["GET"]}}],"collection":[{"href":"https:\/\/tvbrazilusa.com\/pt\/wp-json\/wp\/v2\/posts"}],"about":[{"href":"https:\/\/tvbrazilusa.com\/pt\/wp-json\/wp\/v2\/types\/post"}],"author":[{"embeddable":true,"href":"https:\/\/tvbrazilusa.com\/pt\/wp-json\/wp\/v2\/users\/1"}],"replies":[{"embeddable":true,"href":"https:\/\/tvbrazilusa.com\/pt\/wp-json\/wp\/v2\/comments?post=55776"}],"version-history":[{"count":1,"href":"https:\/\/tvbrazilusa.com\/pt\/wp-json\/wp\/v2\/posts\/55776\/revisions"}],"predecessor-version":[{"id":55778,"href":"https:\/\/tvbrazilusa.com\/pt\/wp-json\/wp\/v2\/posts\/55776\/revisions\/55778"}],"wp:featuredmedia":[{"embeddable":true,"href":"https:\/\/tvbrazilusa.com\/pt\/wp-json\/wp\/v2\/media\/55777"}],"wp:attachment":[{"href":"https:\/\/tvbrazilusa.com\/pt\/wp-json\/wp\/v2\/media?parent=55776"}],"wp:term":[{"taxonomy":"category","embeddable":true,"href":"https:\/\/tvbrazilusa.com\/pt\/wp-json\/wp\/v2\/categories?post=55776"},{"taxonomy":"post_tag","embeddable":true,"href":"https:\/\/tvbrazilusa.com\/pt\/wp-json\/wp\/v2\/tags?post=55776"}],"curies":[{"name":"wp","href":"https:\/\/api.w.org\/{rel}","templated":true}]}}