{"id":55782,"date":"2024-11-07T19:19:39","date_gmt":"2024-11-07T19:19:39","guid":{"rendered":"https:\/\/tvbrazilusa.com\/2024\/11\/07\/lula-volta-a-criticar-empresarios-afirmando-que-eles-vivem-de-subsidios\/"},"modified":"2024-11-07T19:19:40","modified_gmt":"2024-11-07T19:19:40","slug":"lula-volta-a-criticar-empresarios-afirmando-que-eles-vivem-de-subsidios","status":"publish","type":"post","link":"https:\/\/tvbrazilusa.com\/pt\/2024\/11\/07\/lula-volta-a-criticar-empresarios-afirmando-que-eles-vivem-de-subsidios\/","title":{"rendered":"Lula volta a criticar empres\u00e1rios, afirmando que eles &#8216;vivem de subs\u00eddios&#8217;"},"content":{"rendered":"<p> <script async src=\"https:\/\/pagead2.googlesyndication.com\/pagead\/js\/adsbygoogle.js?client=ca-pub-8864793242727901\"\r\n     crossorigin=\"anonymous\"><\/script><br \/>\n<\/p>\n<div id=\"taboola-read-more\" style=\"display:block; width:100%\">\n<p>O presidente Luiz In\u00e1cio Lula da Silva (PT) voltou a criticar o setor produtivo da economia e o mercado financeiro pela situa\u00e7\u00e3o de desequil\u00edbrio das contas p\u00fablicas. Tamb\u00e9m reclamou do Congresso, que teria de reduzir o valor de emendas ao Or\u00e7amento que s\u00e3o propostas por deputados e senadores. Em nenhum momento o petista admitiu que o governo gasta de maneira excessiva, j\u00e1 acumulando um deficit fiscal equivalente ao per\u00edodo da pandemia de coronav\u00edrus, mas sem nenhum tipo de crise sanit\u00e1ria como foi a de 2020.\n<\/p>\n<p>As declara\u00e7\u00f5es de Lula foram dadas em uma entrevista \u00e0 Rede TV!, para o programa \u201cPODK Liberados\u201d, cuja integra vai ao ar no domingo (10.nov.2024). A atrac\u00e3o \u00e9 comandada pelos senadores Jorge Kajuru (PSB-GO) e Leila Barros (PDT-DF). Alguns trechos j\u00e1 foram publicados. A Rede TV! \u00e9 uma emissora que foi muito pr\u00f3xima do governo de Jair Bolsonaro (PL) e que mudou sua linha editorial a partir de 2023, passando a ter uma atitude amistosa em rela\u00e7\u00e3o \u00e0 administra\u00e7\u00e3o federal petista. No trecho divulgado, a entrevista foi amig\u00e1vel e sem nenhuma pergunta inc\u00f4moda para o presidente.<\/p>\n<p>Antes, o petista j\u00e1 havia sido entrevistado nesse seu 3\u00ba mandato pela Rede TV! num programa do jornalista Kennedy Alencar, que nos anos 1990 foi assessor de imprensa do petista. Alencar agora est\u00e1 de sa\u00edda da emissora para ser diretor da mineradora Vale, justamente por ser amigo de Lula e tentar melhorar as rela\u00e7\u00f5es da empresa com o Pal\u00e1cio do Planalto.\n<\/p>\n<p>A entrevista ao programa \u201cPODK Liberados\u201d vai ao ar na \u00edntegra no domingo (10.nov.2024), \u00e0s 22h30. Os trechos da atra\u00e7\u00e3o liberados na 4\u00aa feira (6.nov) foram publicados antecipadamente pelo portal UOL (onde tamb\u00e9m trabalhava Kennedy Alencar).\n<\/p>\n<p>Nas suas respostas sobre como fazer o ajuste fiscal necess\u00e1rio para equilibrar as contas p\u00fablicas, o presidente reclamou do Poder Legislativo, embora tenha sido ajudado por deputados e senadores mesmo antes de ter tomado posse, em dezembro de 2022, quando o Congresso aprovou a PEC fura-teto e deu R$ 170 bilh\u00f5es de verbas a mais administra\u00e7\u00e3o petista em 2023.\n<\/p>\n<p>\u201cN\u00f3s n\u00e3o podemos mais jogar, toda vez que voc\u00ea tem que cortar alguma coisa, em cima do ombro das pessoas mais necessitadas. Se eu fizer o corte de gastos para diminuir a capacidade de investimentos do Or\u00e7amento, o Congresso vai aceitar as emendas de deputados e senadores para contribuir com o ajuste fiscal que eu vou fazer?\u201d, indagou Lula.\n<\/p>\n<p>O presidente n\u00e3o falou nem foi indagado (no trecho publicado da entrevista) que o Brasil tem um or\u00e7amento anual para as \u00e1reas sociais de aproximadamente R$ 397 bilh\u00f5es por ano. Esse \u201cwelfare state\u201d brasileiro foi mapeado pelo Poder360 detalhadamente. H\u00e1 sinais de inefici\u00eancia no uso dessas verbas. Nunca foi feito um estudo nos governos de Bolsonaro e de Lula para comprovar por que seria necess\u00e1rio aumentar o valor m\u00e9dio dos pagamentos do Bolsa Fam\u00edlia de cerca de R$ 200 para perto de R$ 600 por m\u00eas. Quando assumiu o Planalto, Lula n\u00e3o s\u00f3 manteve os R$ 600, como aumentou esse valor para a redondeza de R$ 700 para os mais de 20 milh\u00f5es que recebem o benef\u00edcio.\n<\/p>\n<p>Sempre evitando falar o que o pr\u00f3prio governo poderia fazer para cortar suas despesas, o presidente partiu para cima dos empres\u00e1rios brasileiros na entrevista \u00e0 Rede TV!. \u201cOs empres\u00e1rios que vivem de subs\u00eddios do governo v\u00e3o aceitar abrir m\u00e3o de um pouco de subs\u00eddios para a gente poder equilibrar a economia brasileira?\u201d, indagou numa pergunta ret\u00f3rica \u2013ignorando que muitos dos subs\u00eddios concedidos foram durante os seus 2 primeiros governos (de 2003 a 2010) e sob a administra\u00e7\u00e3o de sua sucessora, Dilma Rousseff (de 2011 a 2016).\n<\/p>\n<p>Na entrevista, houve cr\u00edticas tamb\u00e9m a um alvo predileto de Lula, o mercado financeiro: \u201cEu estou num processo de discuss\u00e3o muito, muito s\u00e9rio com o governo porque conhe\u00e7o bem o discurso do mercado, conhe\u00e7o a gana especulativa do mercado. E, \u00e0s vezes, acho que o mercado age com certa hipocrisia, com uma contribui\u00e7\u00e3o muito grande da imprensa brasileira para tentar criar confus\u00e3o na cabe\u00e7a da sociedade\u201d.\n<\/p>\n<p>Fonte: Blog do BG              <\/p>\n<\/div>\n<p><br \/>\n<br \/><a href=\"https:\/\/diariodobrasilnoticias.com.br\/noticia\/lula-volta-a-criticar-empresarios-afirmando-que-eles-vivem-de-subsidios-672cfcdc0477d\">Source link <\/a><\/p>","protected":false},"excerpt":{"rendered":"<p>O presidente Luiz In\u00e1cio Lula da Silva (PT) voltou a criticar o setor produtivo da economia e o mercado financeiro pela situa\u00e7\u00e3o de desequil\u00edbrio das contas p\u00fablicas. Tamb\u00e9m reclamou do&hellip;<\/p>","protected":false},"author":1,"featured_media":55783,"comment_status":"closed","ping_status":"open","sticky":false,"template":"","format":"standard","meta":{"content-type":"","footnotes":""},"categories":[16],"tags":[123,2448,5313,1267],"class_list":["post-55782","post","type-post","status-publish","format-standard","has-post-thumbnail","hentry","category-noticias","tag-brasil","tag-diario","tag-noticia","tag-noticias"],"_links":{"self":[{"href":"https:\/\/tvbrazilusa.com\/pt\/wp-json\/wp\/v2\/posts\/55782","targetHints":{"allow":["GET"]}}],"collection":[{"href":"https:\/\/tvbrazilusa.com\/pt\/wp-json\/wp\/v2\/posts"}],"about":[{"href":"https:\/\/tvbrazilusa.com\/pt\/wp-json\/wp\/v2\/types\/post"}],"author":[{"embeddable":true,"href":"https:\/\/tvbrazilusa.com\/pt\/wp-json\/wp\/v2\/users\/1"}],"replies":[{"embeddable":true,"href":"https:\/\/tvbrazilusa.com\/pt\/wp-json\/wp\/v2\/comments?post=55782"}],"version-history":[{"count":1,"href":"https:\/\/tvbrazilusa.com\/pt\/wp-json\/wp\/v2\/posts\/55782\/revisions"}],"predecessor-version":[{"id":55784,"href":"https:\/\/tvbrazilusa.com\/pt\/wp-json\/wp\/v2\/posts\/55782\/revisions\/55784"}],"wp:featuredmedia":[{"embeddable":true,"href":"https:\/\/tvbrazilusa.com\/pt\/wp-json\/wp\/v2\/media\/55783"}],"wp:attachment":[{"href":"https:\/\/tvbrazilusa.com\/pt\/wp-json\/wp\/v2\/media?parent=55782"}],"wp:term":[{"taxonomy":"category","embeddable":true,"href":"https:\/\/tvbrazilusa.com\/pt\/wp-json\/wp\/v2\/categories?post=55782"},{"taxonomy":"post_tag","embeddable":true,"href":"https:\/\/tvbrazilusa.com\/pt\/wp-json\/wp\/v2\/tags?post=55782"}],"curies":[{"name":"wp","href":"https:\/\/api.w.org\/{rel}","templated":true}]}}