{"id":55794,"date":"2024-11-07T19:52:51","date_gmt":"2024-11-07T19:52:51","guid":{"rendered":"https:\/\/tvbrazilusa.com\/2024\/11\/07\/milei-planeja-encontro-com-trump-antes-de-sua-posse-em-2025\/"},"modified":"2024-11-07T19:52:52","modified_gmt":"2024-11-07T19:52:52","slug":"milei-planeja-encontro-com-trump-antes-de-sua-posse-em-2025","status":"publish","type":"post","link":"https:\/\/tvbrazilusa.com\/pt\/2024\/11\/07\/milei-planeja-encontro-com-trump-antes-de-sua-posse-em-2025\/","title":{"rendered":"Milei planeja encontro com Trump antes de sua posse em 2025"},"content":{"rendered":"<p> <script async src=\"https:\/\/pagead2.googlesyndication.com\/pagead\/js\/adsbygoogle.js?client=ca-pub-8864793242727901\"\r\n     crossorigin=\"anonymous\"><\/script><br \/>\n<\/p>\n<div id=\"taboola-read-more\" style=\"display:block; width:100%\">\n<p>O presidente da Argentina, Javier Milei (La Libertad Avanza, direita), confirmou sua presen\u00e7a na cerim\u00f4nia de posse do presidente eleito dos Estados Unidos, Donald Trump, em 20 de janeiro de 2025. Antes disso, ambos devem se reunir na Fl\u00f3rida.\n<\/p>\n<p>A reuni\u00e3o ser\u00e1 na mans\u00e3o de Trump em Mar-a-Lago. Servir\u00e1 para refor\u00e7ar a rela\u00e7\u00e3o bilateral entre os pa\u00edses. A data do encontro ainda ser\u00e1 definida, segundo informa\u00e7\u00f5es do jornal La Naci\u00f3n.<\/p>\n<p>O presidente argentino j\u00e1 havia expressado seu contentamento com a vit\u00f3ria de Trump em uma publica\u00e7\u00e3o no X (ex-Twitter), logo depois do an\u00fancio dos resultados, na 4\u00aa feira (6.nov).\n<\/p>\n<p>Em fevereiro de 2024, os 2 se encontraram \u00e0s margens da CPAC (Confer\u00eancia de A\u00e7\u00e3o Republicana), em Maryland (EUA), onde Trump endossou Milei com a promessa de \u201ctornar a Argentina grande novamente\u201d.\n<\/p>\n<p>Depois da elei\u00e7\u00e3o, Milei tamb\u00e9m conversou com o bilion\u00e1rio Elon Musk sobre o encontro na Fl\u00f3rida e as expectativas para o novo mandato de Trump. O empres\u00e1rio foi um dos principais apoiadores do republicano.\n<\/p>\n<p>Fonte: Poder 360              <\/p>\n<\/div>\n<p><br \/>\n<br \/><a href=\"https:\/\/diariodobrasilnoticias.com.br\/noticia\/milei-planeja-encontro-com-trump-antes-de-sua-posse-em-2025-672d0030bc9a9\">Source link <\/a><\/p>","protected":false},"excerpt":{"rendered":"<p>O presidente da Argentina, Javier Milei (La Libertad Avanza, direita), confirmou sua presen\u00e7a na cerim\u00f4nia de posse do presidente eleito dos Estados Unidos, Donald Trump, em 20 de janeiro de&hellip;<\/p>","protected":false},"author":1,"featured_media":55795,"comment_status":"closed","ping_status":"open","sticky":false,"template":"","format":"standard","meta":{"content-type":"","footnotes":""},"categories":[16],"tags":[123,2448,5313,1267],"class_list":["post-55794","post","type-post","status-publish","format-standard","has-post-thumbnail","hentry","category-noticias","tag-brasil","tag-diario","tag-noticia","tag-noticias"],"_links":{"self":[{"href":"https:\/\/tvbrazilusa.com\/pt\/wp-json\/wp\/v2\/posts\/55794","targetHints":{"allow":["GET"]}}],"collection":[{"href":"https:\/\/tvbrazilusa.com\/pt\/wp-json\/wp\/v2\/posts"}],"about":[{"href":"https:\/\/tvbrazilusa.com\/pt\/wp-json\/wp\/v2\/types\/post"}],"author":[{"embeddable":true,"href":"https:\/\/tvbrazilusa.com\/pt\/wp-json\/wp\/v2\/users\/1"}],"replies":[{"embeddable":true,"href":"https:\/\/tvbrazilusa.com\/pt\/wp-json\/wp\/v2\/comments?post=55794"}],"version-history":[{"count":1,"href":"https:\/\/tvbrazilusa.com\/pt\/wp-json\/wp\/v2\/posts\/55794\/revisions"}],"predecessor-version":[{"id":55796,"href":"https:\/\/tvbrazilusa.com\/pt\/wp-json\/wp\/v2\/posts\/55794\/revisions\/55796"}],"wp:featuredmedia":[{"embeddable":true,"href":"https:\/\/tvbrazilusa.com\/pt\/wp-json\/wp\/v2\/media\/55795"}],"wp:attachment":[{"href":"https:\/\/tvbrazilusa.com\/pt\/wp-json\/wp\/v2\/media?parent=55794"}],"wp:term":[{"taxonomy":"category","embeddable":true,"href":"https:\/\/tvbrazilusa.com\/pt\/wp-json\/wp\/v2\/categories?post=55794"},{"taxonomy":"post_tag","embeddable":true,"href":"https:\/\/tvbrazilusa.com\/pt\/wp-json\/wp\/v2\/tags?post=55794"}],"curies":[{"name":"wp","href":"https:\/\/api.w.org\/{rel}","templated":true}]}}