{"id":55815,"date":"2024-11-07T20:45:17","date_gmt":"2024-11-07T20:45:17","guid":{"rendered":"https:\/\/tvbrazilusa.com\/2024\/11\/07\/festa-confirmada-para-quem-tem-55-anos-nova-lei-da-aposentadoria-muda-a-idade-minima-para-trabalhadores-registrados\/"},"modified":"2024-11-07T20:45:18","modified_gmt":"2024-11-07T20:45:18","slug":"festa-confirmada-para-quem-tem-55-anos-nova-lei-da-aposentadoria-muda-a-idade-minima-para-trabalhadores-registrados","status":"publish","type":"post","link":"https:\/\/tvbrazilusa.com\/pt\/2024\/11\/07\/festa-confirmada-para-quem-tem-55-anos-nova-lei-da-aposentadoria-muda-a-idade-minima-para-trabalhadores-registrados\/","title":{"rendered":"Festa confirmada para quem tem +55 anos: nova lei da aposentadoria muda a idade m\u00ednima para trabalhadores registrados"},"content":{"rendered":"<p> <script async src=\"https:\/\/pagead2.googlesyndication.com\/pagead\/js\/adsbygoogle.js?client=ca-pub-8864793242727901\"\r\n     crossorigin=\"anonymous\"><\/script><br \/>\n<\/p>\n<div id=\"taboola-read-more\" style=\"display:block; width:100%\">\n<p>Uma grande not\u00edcia para os trabalhadores brasileiros que atuam em ambientes com condi\u00e7\u00f5es prejudiciais: a partir de 2024, ser\u00e1 poss\u00edvel se aposentar aos 55 anos! Essa conquista representa um avan\u00e7o significativo para quem trabalha em atividades que exp\u00f5em \u00e0 sa\u00fade a agentes nocivos, como ru\u00eddo, produtos qu\u00edmicos e agentes biol\u00f3gicos.\n<\/p>\n<p>A nova lei da aposentadoria especial beneficia trabalhadores que exercem atividades em condi\u00e7\u00f5es insalubres ou perigosas, comprometendo sua sa\u00fade a longo prazo. Profissionais da ind\u00fastria, constru\u00e7\u00e3o civil, sa\u00fade e seguran\u00e7a do trabalho, por exemplo, podem se enquadrar nesse perfil.<\/p>\n<p>A especialista Lila Cunha, colaboradora do FDR, comenta mais sobre aposentadoria especial, confira.\n<\/p>\n<p><strong>Como funciona a nova regra?<\/strong><br \/>Para se aposentar aos 55 anos, \u00e9 necess\u00e1rio comprovar que trabalhou em condi\u00e7\u00f5es prejudiciais \u00e0 sa\u00fade por um per\u00edodo m\u00ednimo determinado em lei. A avalia\u00e7\u00e3o ser\u00e1 feita por um perito m\u00e9dico do INSS, que analisar\u00e1 a documenta\u00e7\u00e3o apresentada pelo trabalhador.\n<\/p>\n<p><strong>Quais os benef\u00edcios dessa nova lei?<\/strong>\n<\/p>\n<ul>\n<li>Melhora na qualidade de vida: ao se aposentar mais cedo, os trabalhadores poder\u00e3o ter mais tempo para cuidar da sa\u00fade e aproveitar a fam\u00edlia;<\/li>\n<li>Redu\u00e7\u00e3o da exposi\u00e7\u00e3o a riscos: ao se afastar de ambientes insalubres, os trabalhadores reduzem o risco de desenvolver doen\u00e7as ocupacionais;<\/li>\n<li>Mais justi\u00e7a social: a nova lei reconhece a import\u00e2ncia de proteger os trabalhadores que se exp\u00f5em a riscos em suas atividades.<\/li>\n<\/ul>\n<p><strong>Como solicitar a aposentadoria especial?<\/strong><br \/>Para solicitar a aposentadoria especial, o trabalhador dever\u00e1 procurar uma ag\u00eancia do INSS e apresentar a documenta\u00e7\u00e3o necess\u00e1ria, como:\n<\/p>\n<ul>\n<li>Carteira de trabalho;<\/li>\n<li>Perfil profissiogr\u00e1fico previdenci\u00e1rio (PPP);<\/li>\n<li>Laudos m\u00e9dicos;<\/li>\n<li>Outros documentos que comprovem a exposi\u00e7\u00e3o a agentes nocivos.<\/li>\n<\/ul>\n<p><strong>Outras op\u00e7\u00f5es de aposentadoria<\/strong><br \/>Al\u00e9m da aposentadoria especial, o INSS oferece outras modalidades de aposentadoria, como:\n<\/p>\n<ul>\n<li>Aposentadoria por idade: para quem atinge a idade m\u00ednima exigida e tem o tempo de contribui\u00e7\u00e3o necess\u00e1rio;<\/li>\n<li>Aposentadoria por tempo de contribui\u00e7\u00e3o: para quem contribui por um determinado per\u00edodo, independente da idade;<\/li>\n<li>Aposentadoria por invalidez: para trabalhadores que se tornam incapacitados para o trabalho.<\/li>\n<\/ul>\n<p>Fonte: Reda\u00e7\u00e3o Terra              <\/p>\n<\/div>\n<p><br \/>\n<br \/><a href=\"https:\/\/diariodobrasilnoticias.com.br\/noticia\/festa-confirmada-para-quem-tem-55-anos-nova-lei-da-aposentadoria-muda-a-idade-minima-para-trabalhadores-registrados-672d05832897e\">Source link <\/a><\/p>","protected":false},"excerpt":{"rendered":"<p>Uma grande not\u00edcia para os trabalhadores brasileiros que atuam em ambientes com condi\u00e7\u00f5es prejudiciais: a partir de 2024, ser\u00e1 poss\u00edvel se aposentar aos 55 anos! Essa conquista representa um avan\u00e7o&hellip;<\/p>","protected":false},"author":1,"featured_media":55816,"comment_status":"closed","ping_status":"open","sticky":false,"template":"","format":"standard","meta":{"content-type":"","footnotes":""},"categories":[16],"tags":[123,2448,5313,1267],"class_list":["post-55815","post","type-post","status-publish","format-standard","has-post-thumbnail","hentry","category-noticias","tag-brasil","tag-diario","tag-noticia","tag-noticias"],"_links":{"self":[{"href":"https:\/\/tvbrazilusa.com\/pt\/wp-json\/wp\/v2\/posts\/55815","targetHints":{"allow":["GET"]}}],"collection":[{"href":"https:\/\/tvbrazilusa.com\/pt\/wp-json\/wp\/v2\/posts"}],"about":[{"href":"https:\/\/tvbrazilusa.com\/pt\/wp-json\/wp\/v2\/types\/post"}],"author":[{"embeddable":true,"href":"https:\/\/tvbrazilusa.com\/pt\/wp-json\/wp\/v2\/users\/1"}],"replies":[{"embeddable":true,"href":"https:\/\/tvbrazilusa.com\/pt\/wp-json\/wp\/v2\/comments?post=55815"}],"version-history":[{"count":1,"href":"https:\/\/tvbrazilusa.com\/pt\/wp-json\/wp\/v2\/posts\/55815\/revisions"}],"predecessor-version":[{"id":55817,"href":"https:\/\/tvbrazilusa.com\/pt\/wp-json\/wp\/v2\/posts\/55815\/revisions\/55817"}],"wp:featuredmedia":[{"embeddable":true,"href":"https:\/\/tvbrazilusa.com\/pt\/wp-json\/wp\/v2\/media\/55816"}],"wp:attachment":[{"href":"https:\/\/tvbrazilusa.com\/pt\/wp-json\/wp\/v2\/media?parent=55815"}],"wp:term":[{"taxonomy":"category","embeddable":true,"href":"https:\/\/tvbrazilusa.com\/pt\/wp-json\/wp\/v2\/categories?post=55815"},{"taxonomy":"post_tag","embeddable":true,"href":"https:\/\/tvbrazilusa.com\/pt\/wp-json\/wp\/v2\/tags?post=55815"}],"curies":[{"name":"wp","href":"https:\/\/api.w.org\/{rel}","templated":true}]}}