{"id":55818,"date":"2024-11-07T20:36:07","date_gmt":"2024-11-07T20:36:07","guid":{"rendered":"https:\/\/tvbrazilusa.com\/2024\/11\/07\/superintendente-da-st-johns-school-tim-forson-anuncia-plano-de-aposentadoria-jacksonville-hoje\/"},"modified":"2024-11-07T20:49:31","modified_gmt":"2024-11-07T20:49:31","slug":"superintendente-da-st-johns-school-tim-forson-anuncia-plano-de-aposentadoria-jacksonville-hoje","status":"publish","type":"post","link":"https:\/\/tvbrazilusa.com\/pt\/2024\/11\/07\/superintendente-da-st-johns-school-tim-forson-anuncia-plano-de-aposentadoria-jacksonville-hoje\/","title":{"rendered":"Superintendente da St. Johns School, Tim Forson, anuncia plano de aposentadoria | Jacksonville hoje"},"content":{"rendered":"<p> <script async src=\"https:\/\/pagead2.googlesyndication.com\/pagead\/js\/adsbygoogle.js?client=ca-pub-8864793242727901\"\r\n     crossorigin=\"anonymous\"><\/script><br \/>\n<\/p>\n<div>\n<p>O superintendente do distrito escolar do condado de St. Johns, Tim Forson, anunciou na quinta-feira que se aposentar\u00e1 no final do ano letivo. Forson, que atuou como superintendente do distrito escolar desde 2016, deixar\u00e1 o cargo a partir de junho pr\u00f3ximo.<\/p>\n<p>Forson passou mais de 40 anos trabalhando no distrito escolar do condado de St. Ele come\u00e7ou ensinando e treinando na St. Augustine High School e passou a servir como o primeiro diretor da ent\u00e3o rec\u00e9m-constru\u00edda Bartram Trail High School.<\/p>\n<p>S\u00f3 depois de sua primeira aposentadoria \u00e9 que Forson foi nomeado superintendente do distrito.<\/p>\n<p>Um porta-voz do distrito escolar do condado de St. Johns disse que o distrito em breve come\u00e7ar\u00e1 a ca\u00e7ar seu sucessor. <\/p>\n<p>O \u00faltimo dia de Forson como superintendente ser\u00e1 30 de junho de 2025.<\/p>\n<hr class=\"wp-block-separator has-alpha-channel-opacity\"\/>\n<p>Jacksonville hoje<em> pediu uma entrevista a Forson e atualizar\u00e1 esta hist\u00f3ria.<\/em><\/p>\n<\/div>\n<p><br \/>\n<br \/><a href=\"https:\/\/jaxtoday.org\/2024\/11\/07\/st-johns-school-superintendent-tim-forson-announces-plan-to-retire\/\">Source link <\/a><\/p>","protected":false},"excerpt":{"rendered":"<p>O superintendente do distrito escolar do condado de St. Johns, Tim Forson, anunciou na quinta-feira que se aposentar\u00e1 no final do ano letivo. Forson, que atuou como superintendente do distrito&hellip;<\/p>","protected":false},"author":1,"featured_media":55819,"comment_status":"closed","ping_status":"open","sticky":false,"template":"","format":"standard","meta":{"content-type":"","footnotes":""},"categories":[1],"tags":[],"class_list":["post-55818","post","type-post","status-publish","format-standard","has-post-thumbnail","hentry","category-uncategorized"],"_links":{"self":[{"href":"https:\/\/tvbrazilusa.com\/pt\/wp-json\/wp\/v2\/posts\/55818","targetHints":{"allow":["GET"]}}],"collection":[{"href":"https:\/\/tvbrazilusa.com\/pt\/wp-json\/wp\/v2\/posts"}],"about":[{"href":"https:\/\/tvbrazilusa.com\/pt\/wp-json\/wp\/v2\/types\/post"}],"author":[{"embeddable":true,"href":"https:\/\/tvbrazilusa.com\/pt\/wp-json\/wp\/v2\/users\/1"}],"replies":[{"embeddable":true,"href":"https:\/\/tvbrazilusa.com\/pt\/wp-json\/wp\/v2\/comments?post=55818"}],"version-history":[{"count":1,"href":"https:\/\/tvbrazilusa.com\/pt\/wp-json\/wp\/v2\/posts\/55818\/revisions"}],"predecessor-version":[{"id":55820,"href":"https:\/\/tvbrazilusa.com\/pt\/wp-json\/wp\/v2\/posts\/55818\/revisions\/55820"}],"wp:featuredmedia":[{"embeddable":true,"href":"https:\/\/tvbrazilusa.com\/pt\/wp-json\/wp\/v2\/media\/55819"}],"wp:attachment":[{"href":"https:\/\/tvbrazilusa.com\/pt\/wp-json\/wp\/v2\/media?parent=55818"}],"wp:term":[{"taxonomy":"category","embeddable":true,"href":"https:\/\/tvbrazilusa.com\/pt\/wp-json\/wp\/v2\/categories?post=55818"},{"taxonomy":"post_tag","embeddable":true,"href":"https:\/\/tvbrazilusa.com\/pt\/wp-json\/wp\/v2\/tags?post=55818"}],"curies":[{"name":"wp","href":"https:\/\/api.w.org\/{rel}","templated":true}]}}