{"id":55927,"date":"2024-11-07T23:54:20","date_gmt":"2024-11-07T23:54:20","guid":{"rendered":"https:\/\/tvbrazilusa.com\/2024\/11\/07\/jrue-holiday-apoia-a-postura-pro-luta-de-joe-mazzulla-no-basquete\/"},"modified":"2024-11-08T00:10:23","modified_gmt":"2024-11-08T00:10:23","slug":"jrue-holiday-apoia-a-postura-pro-luta-de-joe-mazzulla-no-basquete","status":"publish","type":"post","link":"https:\/\/tvbrazilusa.com\/pt\/2024\/11\/07\/jrue-holiday-apoia-a-postura-pro-luta-de-joe-mazzulla-no-basquete\/","title":{"rendered":"Jrue Holiday apoia a postura pr\u00f3-luta de Joe Mazzulla no basquete"},"content":{"rendered":"<p> <script async src=\"https:\/\/pagead2.googlesyndication.com\/pagead\/js\/adsbygoogle.js?client=ca-pub-8864793242727901\"\r\n     crossorigin=\"anonymous\"><\/script><br \/>\n<\/p>\n<div id=\"\">\n<header class=\"m-article-header m-article-header--standard\">\n\t\t\t\t\t\t\t\t\t\t\t\t<span id=\"article-header-primary-term\"><br \/>\n\t\t\t\t\t\t\t\t<a class=\"a-term a-term--primary\" href=\"https:\/\/www.boston.com\/tag\/boston-celtics\/\"><\/p>\n<p>\t\t\t\t\t\t\t\tCeltas\t\t\t\t\t\t\t\t<\/a><br \/>\n\t\t\t\t\t\t\t<\/span><\/p>\n<h2 class=\"m-article-header__sub-headline\">&#8220;Prepare suas patas, certo?&#8221;<\/h2>\n<figure class=\"a-photo m-article-header__photo\"><figcaption class=\"a-photo__caption\">\n<p>\tJoe Mazzulla tem um apoiador em sua postura pr\u00f3-luta em Jrue Holiday. <em> Foto de Matthew J. Lee\/equipe da Globe<\/em>\t<\/figcaption><\/figure>\n<\/header>\n<p>Joe Mazzulla conhece bem<a href=\"https:\/\/www.boston.com\/sports\/boston-celtics\/2024\/10\/22\/joe-mazzulla-boston-celtics-top-quotes-sayings-nba-basketball\/#:~:text=\" target=\"_blank\" rel=\"noreferrer noopener\"> ganhando manchetes com seus coment\u00e1rios sinceros e reflex\u00f5es pouco ortodoxas. <\/a><\/p>\n<p>Mas o t\u00e9cnico do Celtics criou um grande rebuli\u00e7o em toda a NBA quando reconheceu em 98.5 \u201cZolak e Bertrand\u201d do Sports Hub <a href=\"https:\/\/www.boston.com\/sports\/boston-celtics\/2024\/10\/29\/joe-mazzulla-boston-celtics-fighting-basketball-nba-hockey\/\" target=\"_blank\" rel=\"noreferrer noopener\">que ele desejava que a liga sancionasse a luta<\/a> &#8211; na mesma linha de esportes como o h\u00f3quei. <\/p>\n<p>\u201cA maior coisa que roubamos das pessoas do ponto de vista do entretenimento \u00e9 que voc\u00ea n\u00e3o pode mais lutar\u201d, enfatizou Mazzulla. \u201cDev\u00edamos trazer de volta a luta. Se voc\u00ea quer falar sobre roubar a liga do entretenimento, o que \u00e9 mais divertido do que uma pequena briga?<\/p>\n<p>\u201cVoc\u00ea vai a um jogo de beisebol \u2013 como \u00e9 que no beisebol eles podem sair dos bancos? Como \u00e9 que no h\u00f3quei eles podem fazer isso? Eu n\u00e3o entendo.&#8221;<\/p>\n<p>Os coment\u00e1rios de Mazzulla geraram muitas rea\u00e7\u00f5es em toda a NBA, com o famoso pugilista Draymond Green dizendo que lutar na liga provavelmente o colocaria em apuros, de qualquer maneira.<\/p>\n<p>\u201cEu entendo o que Joe est\u00e1 tentando dizer. Al\u00e9m disso, o que ele est\u00e1 dizendo \u00e9 a intensidade e a conversa (palavr\u00e3o) e os caras sendo testados, &#8216; <a target=\"_blank\" href=\"https:\/\/www.boston.com\/sports\/boston-celtics\/2024\/11\/01\/draymond-green-joe-mazzulla-fighting-comments-nba\/\" rel=\"noreferrer noopener\">Green disse em seu podcast.<\/a> \u201cN\u00f3s tiramos muito disso do jogo hoje, ent\u00e3o acho que \u00e9 isso que ele quer dizer.\u201d<\/p>\n<p>\u201cMas, como nas lutas f\u00edsicas reais, Joe, estou aqui para fazer uma peti\u00e7\u00e3o contra voc\u00ea e dizer &#8216;n\u00e3o, n\u00e3o vamos fazer isso&#8217; porque aonde isso quase me levou, meu caro, acrescentou Green. \u201cEu n\u00e3o quero nada disso. Eu estou bem. Voc\u00eas podem lutar. Vou deixar isso para Joe. Joe, voc\u00ea vai lutar. Fumando Joe.\u201d<\/p>\n<p>Green pode n\u00e3o endossar a abordagem desconexa de Mazzulla, mas o armador do Celtics, Jrue Holiday, apoiou seu t\u00e9cnico enquanto aparecia no<a target=\"_blank\" href=\"https:\/\/www.youtube.com\/watch?v=Iyjbf3KLVP4\" rel=\"noreferrer noopener\"> \u201cRun It Back\u201d do FanDuel na quinta-feira. <\/a><\/p>\n<p>\u201cOlha, estou com isso. Estou com isso\u201d, disse Holiday. \u201cPrepare suas patas, certo? Se tivermos que entrar na academia de boxe, se tivermos que entrar no ringue. Voc\u00ea sabe que Joe pratica jiu-jitsu, ent\u00e3o eu realmente acho que ele est\u00e1 pronto, mas indo direto ao ponto, nos anos 90 e in\u00edcio dos anos 2000, quando as pessoas estavam brigando e jogando as m\u00e3os, era muito divertido. \u2026 Estou muito velho para isso, mas outras pessoas podem ter isso.\u201d<\/p>\n<p>Embora a NBA claramente n\u00e3o queira que a \u201cMalice in the Palace\u201d se repita t\u00e3o cedo, brigas ap\u00f3s faltas duras eram comuns na NBA durante os anos 80 e 90 \u2013 como evidenciado sempre que o Celtics e o \u201cBad Os Boys\u201d Pistons brigaram durante esse trecho. <\/p>\n<figure class=\"wp-block-embed is-type-video is-provider-youtube wp-block-embed-youtube wp-embed-aspect-16-9 wp-has-aspect-ratio\">\n<p>\n<iframe title=\"Bill Laimbeer tackles Larry Bird. Robert Parish retaliates two games later\" width=\"1170\" height=\"658\" src=\"https:\/\/www.youtube.com\/embed\/XtBSIni2P6Q?feature=oembed\" frameborder=\"0\" allow=\"accelerometer; autoplay; clipboard-write; encrypted-media; gyroscope; picture-in-picture; web-share\" referrerpolicy=\"strict-origin-when-cross-origin\" allowfullscreen><\/iframe>\n<\/p>\n<\/figure>\n<p>Mesmo que as esperan\u00e7as de Mazzulla de ver mais conflitos no campo provavelmente n\u00e3o estejam acontecendo, Holiday enfatizou que n\u00e3o espera que seu treinador mude de opini\u00e3o. <\/p>\n<p>\u201cJoe, ele \u00e9 ele\u201d, explicou Holiday. Ele vai ser assim no filme. Ele vai ficar assim enquanto estamos pensando em esquemas e jogadas. Mas ele \u00e9 genu\u00edno e genuinamente ele mesmo e acho que quando voc\u00ea o conhece, pode dizer que ele realmente se importa e realmente se importa com as pessoas. Ele realmente se preocupa com o basquete do Celtics. <\/p>\n<p>\u201cDesde o dia que cheguei aqui, ele deixou claro do que se tratava; tratava-se de ser um Celtic e do legado e ganhar campeonatos e pendurar bandeiras.\u201d<\/p>\n<div class=\"m-block m-generic-cta\t m-generic-cta--post-content\t m-generic-cta--dark\t m-generic-cta--homepage\t m-generic-cta--email-signup\t\t m-generic-cta-block-style--default \tt-amp__generic-cta\"><\/p>\n<div class=\"m-generic-cta__wrap\">\n<div class=\"m-generic-cta__content\">\n<h3 class=\"m-generic-cta__title\">Inscreva-se para receber atualiza\u00e7\u00f5es do Celtics\ud83c\udfc0<\/h3>\n<p class=\"m-generic-cta__subtitle\">Receba as \u00faltimas not\u00edcias e an\u00e1lises em sua caixa de entrada durante a temporada de basquete.<\/p>\n<\/p><\/div>\n<\/p><\/div>\n<\/div>\n<div class=\"o-author-single has-avatar\">\n<header class=\"m-author-card\">\n<div class=\"a-image a-image--square m-author-card__image\">\n\t\t<img decoding=\"async\" class=\"\" src=\"https:\/\/www.boston.com\/wp-content\/uploads\/2023\/05\/Headshot_Conor-645c0406ed6cb-scaled.jpg\" alt=\"Imagem do perfil de Conor Ryan\"\/>\t<\/div>\n<\/header>\n<section class=\"author-info\">\n<hr class=\"m-author__section--hr\"\/>\n<div class=\"m-author__section\">\n<p>Conor Ryan \u00e9 redator da equipe que cobre Bruins, Celtics, Patriots e Red Sox para Boston.com, fun\u00e7\u00e3o que ocupa desde 2023.<\/p>\n<\/div>\n<hr class=\"m-author__section--hr\"\/>\t<\/section>\n<\/div><\/div>\n<p><script>\n\t\tvar consent=\"grant\";\n\t\t\/* The above code is parsing the JSON data from the local storage and storing it in a variable. *\/\n\t\t\t\t\tconst onetrustStorageConsent = JSON.parse(localStorage.getItem( 'consent_one_trust_bdc' ) );\n\t\t\tif ( ( onetrustStorageConsent !== null ) ) {\n\t\t\t\t\/* Checking to see if the user has consented to the use of cookies.\n\t\t\t\t* If they have not, it is deleting the cookie.\n\t\t\t\t* This will comment for now, until further notice.\n\t\t\t\t*\/\n\t\t\t\t\/\/if ( onetrustStorageConsent.C0002 === false ) {\n\t\t\t\t\/\/\tdocument.cookie=\"_fbp=;expires=Thu, 01 Jan 2010 00:00:00 UTC; path=\/; domain=.boston.com\";\n\t\t\t\t\/\/}\n\t\t\t\t\/* Checking if the user has given consent for the cookie C0002.\n\t\t\t\t* If the user has given consent, the variable consent will be set to 'grant'.\n\t\t\t\t* If the user has not given consent,the variable consent will be set to 'revoke'.\n\t\t\t\t* Documentation https:\/\/developers.facebook.com\/docs\/meta-pixel\/implementation\/gdpr\n\t\t\t\t*\/\n\t\t\t\tif ( onetrustStorageConsent.C0002 !== true ) {\n\t\t\t\t\tconsent=\"revoke\";\n\t\t\t\t}\n\t\t\t}\n\t\t\t\t!function(f,b,e,v,n,t,s)\n\t\t{if(f.fbq)return;n=f.fbq=function(){n.callMethod?\n\t\tn.callMethod.apply(n,arguments):n.queue.push(arguments)};\n\t\tif(!f._fbq)f._fbq=n;n.push=n;n.loaded=!0;n.version='2.0';\n\t\tn.queue=[];t=b.createElement(e);t.async=!0;\n\t\tt.src=v;s=b.getElementsByTagName(e)[0];\n\t\ts.parentNode.insertBefore(t,s)}(window, document,'script',\n\t\t'https:\/\/connect.facebook.net\/en_US\/fbevents.js');\n\t\tfbq('consent', consent);\n\t\tfbq('init', '989222871864976');\n\t\tfbq('track', 'PageView');\n\t<\/script><script type=\"module\">\n\t\tvar consent=\"grant\";\n\t\t\/* The above code is parsing the JSON data from the local storage and storing it in a variable. *\/\n\t\t\tconst onetrustStorageConsent = JSON.parse(localStorage.getItem( 'consent_one_trust_bdc' ) );\n\t\t\t\/* Checking to see if the user has consented to the use of cookies.\n\t\t\t* If they have not, it is deleting the cookie.\n\t\t\t* This will comment for now, until further notice.\n\t\t\t*\/\n\t\t\t\/\/if ( onetrustStorageConsent.C0002 === false ) {\n\t\t\t\/\/\tdocument.cookie=\"_fbp=;expires=Thu, 01 Jan 2010 00:00:00 UTC; path=\/; domain=.boston.com\";\n\t\t\t\/\/}\n\t\t\t\/* Checking if the user has given consent for the cookie C0002.\n\t\t\t* If the user has given consent, the variable consent will be set to 'grant'.\n\t\t\t* If the user has not given consent,the variable consent will be set to 'revoke'.\n\t\t\t* Documentation https:\/\/developers.facebook.com\/docs\/meta-pixel\/implementation\/gdpr\n\t\t\t*\/\n\t\t\tif ( ( onetrustStorageConsent !== null ) && (onetrustStorageConsent.C0002 !== true ) ) {\n\t\t\t\tconsent=\"revoke\";\n\t\t\t}\n\t\t\t\t!function(f,b,e,v,n,t,s){if(f.fbq)return;n=f.fbq=function()\n\t\t{n.callMethod? n.callMethod.apply(n,arguments):n.queue.push(arguments)}\n\t\t;if(!f._fbq)f._fbq=n;\n\t\tn.push=n;n.loaded=!0;n.version='2.0';n.queue=[];t=b.createElement(e);t.async=!0;\n\t\tt.src=v;s=b.getElementsByTagName(e)[0];s.parentNode.insertBefore(t,s)}(window,\n\t\tdocument,'script','https:\/\/connect.facebook.net\/en_US\/fbevents.js');\n\t\tfbq('consent', consent);\n\t\tfbq('init', '813236348753005');\n\t\tfbq('track', \"PageView\");\n\t<\/script><br \/>\n<br \/><br \/>\n<br \/><a href=\"https:\/\/www.boston.com\/sports\/boston-celtics\/2024\/11\/07\/jrue-holiday-joe-mazzulla-fighting-nba-basketball\/\">Source link <\/a><\/p>","protected":false},"excerpt":{"rendered":"<p>Celtas &#8220;Prepare suas patas, certo?&#8221; Joe Mazzulla tem um apoiador em sua postura pr\u00f3-luta em Jrue Holiday. Foto de Matthew J. Lee\/equipe da Globe Joe Mazzulla conhece bem ganhando manchetes&hellip;<\/p>","protected":false},"author":1,"featured_media":55928,"comment_status":"closed","ping_status":"open","sticky":false,"template":"","format":"standard","meta":{"content-type":"","footnotes":""},"categories":[1],"tags":[],"class_list":["post-55927","post","type-post","status-publish","format-standard","has-post-thumbnail","hentry","category-uncategorized"],"_links":{"self":[{"href":"https:\/\/tvbrazilusa.com\/pt\/wp-json\/wp\/v2\/posts\/55927","targetHints":{"allow":["GET"]}}],"collection":[{"href":"https:\/\/tvbrazilusa.com\/pt\/wp-json\/wp\/v2\/posts"}],"about":[{"href":"https:\/\/tvbrazilusa.com\/pt\/wp-json\/wp\/v2\/types\/post"}],"author":[{"embeddable":true,"href":"https:\/\/tvbrazilusa.com\/pt\/wp-json\/wp\/v2\/users\/1"}],"replies":[{"embeddable":true,"href":"https:\/\/tvbrazilusa.com\/pt\/wp-json\/wp\/v2\/comments?post=55927"}],"version-history":[{"count":1,"href":"https:\/\/tvbrazilusa.com\/pt\/wp-json\/wp\/v2\/posts\/55927\/revisions"}],"predecessor-version":[{"id":55929,"href":"https:\/\/tvbrazilusa.com\/pt\/wp-json\/wp\/v2\/posts\/55927\/revisions\/55929"}],"wp:featuredmedia":[{"embeddable":true,"href":"https:\/\/tvbrazilusa.com\/pt\/wp-json\/wp\/v2\/media\/55928"}],"wp:attachment":[{"href":"https:\/\/tvbrazilusa.com\/pt\/wp-json\/wp\/v2\/media?parent=55927"}],"wp:term":[{"taxonomy":"category","embeddable":true,"href":"https:\/\/tvbrazilusa.com\/pt\/wp-json\/wp\/v2\/categories?post=55927"},{"taxonomy":"post_tag","embeddable":true,"href":"https:\/\/tvbrazilusa.com\/pt\/wp-json\/wp\/v2\/tags?post=55927"}],"curies":[{"name":"wp","href":"https:\/\/api.w.org\/{rel}","templated":true}]}}