{"id":55930,"date":"2024-11-08T00:06:23","date_gmt":"2024-11-08T00:06:23","guid":{"rendered":"https:\/\/tvbrazilusa.com\/2024\/11\/08\/ritter-e-rojas-endossados-pelos-democratas-da-camara-de-connecticut-para-cargos-importantes\/"},"modified":"2024-11-08T00:10:55","modified_gmt":"2024-11-08T00:10:55","slug":"ritter-e-rojas-endossados-pelos-democratas-da-camara-de-connecticut-para-cargos-importantes","status":"publish","type":"post","link":"https:\/\/tvbrazilusa.com\/pt\/2024\/11\/08\/ritter-e-rojas-endossados-pelos-democratas-da-camara-de-connecticut-para-cargos-importantes\/","title":{"rendered":"Ritter e Rojas endossados \u200b\u200bpelos democratas da C\u00e2mara de Connecticut para cargos importantes"},"content":{"rendered":"<script async src=\"https:\/\/pagead2.googlesyndication.com\/pagead\/js\/adsbygoogle.js?client=ca-pub-8864793242727901\"\r\n     crossorigin=\"anonymous\"><\/script>\n<p>CONNECTICUT (WTNH) \u2013 Os democratas da C\u00e2mara de Connecticut endossaram candidatos para presidente da C\u00e2mara dos Representantes e l\u00edder da maioria na C\u00e2mara na quarta-feira, de acordo com um comunicado \u00e0 imprensa.<\/p>\n<div class=\"nlp-ignore-block article-content rich-text\">\n<aside class=\"promo-link\">\n\t<a href=\"https:\/\/www.wtnh.com\/news\/elections\/connecticuts-top-democrats-express-concerns-following-trumps-win\/?ipid=promo-link-block1\" class=\"promo-link__link\" target=\"\"_blank\"\"><\/p>\n<p>\t\tOs principais democratas de Connecticut expressam preocupa\u00e7\u00f5es ap\u00f3s a vit\u00f3ria de Trump\t<\/a><br \/>\n<\/aside>\n<\/div>\n<p>Eles escolheram Matt Ritter (D-Hartford) para o cargo de presidente da C\u00e2mara e Jason Rojas (D-East Hartford, Manchester) como l\u00edder da maioria na C\u00e2mara.<\/p>\n<p>Ritter \u00e9 atualmente o presidente da C\u00e2mara e ser\u00e1 eleito no dia de abertura da sess\u00e3o legislativa de 2025.<\/p>\n<p>\u201cEstou extremamente grato pelo apoio dos meus colegas\u201d, disse Ritter. &#8220;Como presidente da C\u00e2mara, meu trabalho \u00e9 servir a todos os membros da C\u00e2mara e levo essa responsabilidade muito a s\u00e9rio. Trabalhar em conjunto \u00e9 o que torna Connecticut excelente.&#8221;<\/p>\n<p>Rojas representa o 9\u00ba distrito da assembleia e \u00e9 residente vital\u00edcio de Connecticut.<\/p>\n<p>\u201cEstou grato e honrado por meus colegas terem me confiado a responsabilidade de ser o l\u00edder da maioria\u201d, disse Rojas. \u201cAdoro servir o meu distrito e adoro servir os meus colegas enquanto trabalhamos para promulgar pol\u00edticas que promovam o interesse dos nossos vizinhos, das nossas comunidades e do nosso estado\u201d.<\/p>\n<p>Ritter e Rojas apontam os cortes de impostos, as reservas or\u00e7amentais e os investimentos na educa\u00e7\u00e3o como as principais realiza\u00e7\u00f5es que obtiveram durante a gest\u00e3o dos democratas da C\u00e2mara.<\/p>\n<p><br \/>\n<br \/><a href=\"https:\/\/www.wtnh.com\/news\/connecticut\/ritter-rojas-endorsed-by-connecticut-house-democrats-for-top-roles\/\">Source link <\/a><\/p>","protected":false},"excerpt":{"rendered":"<p>CONNECTICUT (WTNH) \u2013 Os democratas da C\u00e2mara de Connecticut endossaram candidatos para presidente da C\u00e2mara dos Representantes e l\u00edder da maioria na C\u00e2mara na quarta-feira, de acordo com um comunicado&hellip;<\/p>","protected":false},"author":1,"featured_media":55931,"comment_status":"closed","ping_status":"open","sticky":false,"template":"","format":"standard","meta":{"content-type":"","footnotes":""},"categories":[1],"tags":[],"class_list":["post-55930","post","type-post","status-publish","format-standard","has-post-thumbnail","hentry","category-uncategorized"],"_links":{"self":[{"href":"https:\/\/tvbrazilusa.com\/pt\/wp-json\/wp\/v2\/posts\/55930","targetHints":{"allow":["GET"]}}],"collection":[{"href":"https:\/\/tvbrazilusa.com\/pt\/wp-json\/wp\/v2\/posts"}],"about":[{"href":"https:\/\/tvbrazilusa.com\/pt\/wp-json\/wp\/v2\/types\/post"}],"author":[{"embeddable":true,"href":"https:\/\/tvbrazilusa.com\/pt\/wp-json\/wp\/v2\/users\/1"}],"replies":[{"embeddable":true,"href":"https:\/\/tvbrazilusa.com\/pt\/wp-json\/wp\/v2\/comments?post=55930"}],"version-history":[{"count":1,"href":"https:\/\/tvbrazilusa.com\/pt\/wp-json\/wp\/v2\/posts\/55930\/revisions"}],"predecessor-version":[{"id":55932,"href":"https:\/\/tvbrazilusa.com\/pt\/wp-json\/wp\/v2\/posts\/55930\/revisions\/55932"}],"wp:featuredmedia":[{"embeddable":true,"href":"https:\/\/tvbrazilusa.com\/pt\/wp-json\/wp\/v2\/media\/55931"}],"wp:attachment":[{"href":"https:\/\/tvbrazilusa.com\/pt\/wp-json\/wp\/v2\/media?parent=55930"}],"wp:term":[{"taxonomy":"category","embeddable":true,"href":"https:\/\/tvbrazilusa.com\/pt\/wp-json\/wp\/v2\/categories?post=55930"},{"taxonomy":"post_tag","embeddable":true,"href":"https:\/\/tvbrazilusa.com\/pt\/wp-json\/wp\/v2\/tags?post=55930"}],"curies":[{"name":"wp","href":"https:\/\/api.w.org\/{rel}","templated":true}]}}