{"id":55935,"date":"2024-11-08T00:23:05","date_gmt":"2024-11-08T00:23:05","guid":{"rendered":"https:\/\/tvbrazilusa.com\/2024\/11\/08\/cupula-do-uniao-da-como-encaminhada-filiacao-de-marcal-em-2025\/"},"modified":"2024-11-08T00:23:06","modified_gmt":"2024-11-08T00:23:06","slug":"cupula-do-uniao-da-como-encaminhada-filiacao-de-marcal-em-2025","status":"publish","type":"post","link":"https:\/\/tvbrazilusa.com\/pt\/2024\/11\/08\/cupula-do-uniao-da-como-encaminhada-filiacao-de-marcal-em-2025\/","title":{"rendered":"C\u00fapula do Uni\u00e3o d\u00e1 como &#8216;encaminhada&#8217; filia\u00e7\u00e3o de Mar\u00e7al em 2025"},"content":{"rendered":"<p> <script async src=\"https:\/\/pagead2.googlesyndication.com\/pagead\/js\/adsbygoogle.js?client=ca-pub-8864793242727901\"\r\n     crossorigin=\"anonymous\"><\/script><br \/>\n<\/p>\n<div id=\"taboola-read-more\" style=\"display:block; width:100%\">\n<p>O influencer Pablo Mar\u00e7al, ex-candidato \u00e0 Prefeitura de S\u00e3o Paulo, cogita deixar o PRTB e j\u00e1 negocia se filiar ao Uni\u00e3o Brasil no primeiro semestre do ano que vem. A informa\u00e7\u00e3o foi confirmada ao Metr\u00f3poles pelo pr\u00f3prio influencer: \u201cEstamos conversando\u201d. Um dos dirigentes nacionais da sigla d\u00e1 a filia\u00e7\u00e3o como encaminhada.\n<\/p>\n<p>Mar\u00e7al entrou no PRTB de \u00faltima hora para disputar a elei\u00e7\u00e3o paulistana e acabou virando alvo de advers\u00e1rios por causa de supostas liga\u00e7\u00f5es entre integrantes do partido e a fac\u00e7\u00e3o criminosa Primeiro Comando da Capital (PCC).<\/p>\n<p>Ainda na pr\u00e9-campanha, o influencer tentou conquistar o apoio do Uni\u00e3o Brasil \u00e0 sua chapa, mas o partido manteve o acordo com Ricardo Nunes (MDB) e deixou Mar\u00e7al em voo solo. Na \u00e9poca, o ex-coach disse que o Uni\u00e3o \u201cqueria sua alma\u201d em troca do apoio.\n<\/p>\n<p>Apesar de n\u00e3o ter selado uma alian\u00e7a formal com o Uni\u00e3o, ao longo da campanha Mar\u00e7al se manteve pr\u00f3ximo de alguns quadros do partido. O vereador Rubinho Nunes (Uni\u00e3o) chegou a romper com o prefeito da capital para apoiar o influenciador durante o 1\u00ba turno.\n<\/p>\n<p>Com o fim das elei\u00e7\u00f5es, os quadros do Uni\u00e3o passaram a discutir o planejamento do partido para 2026. Um dos argumentos que estaria pesando a favor da ida de Mar\u00e7al para a sigla teria sido o do tamanho do Uni\u00e3o, que tem 59 deputados federais e 7 senadores e, por isso, acesso ao fundo eleitoral e tempo de televis\u00e3o, algo que o influenciador n\u00e3o teve em sua campanha \u00e0 Prefeitura.\n<\/p>\n<p>Caso confirme a mudan\u00e7a de partido, Mar\u00e7al ter\u00e1 que lutar contra o governador de Goi\u00e1s, Ronaldo Caiado, pela vaga de candidato da sigla \u00e0 Presid\u00eancia da Rep\u00fablica. O pr\u00f3prio Caiado j\u00e1 teria se queixado a dirigentes do Uni\u00e3o sobre a chegada do influenciador e as pretens\u00f5es presidenciais dele, segundo apurou o Metr\u00f3poles.\n<\/p>\n<p>Fonte: Metr\u00f3poles              <\/p>\n<\/div>\n<p><br \/>\n<br \/><a href=\"https:\/\/diariodobrasilnoticias.com.br\/noticia\/cupula-do-uniao-da-como-encaminhada-filiacao-de-marcal-em-2025-672d37c31df82\">Source link <\/a><\/p>","protected":false},"excerpt":{"rendered":"<p>O influencer Pablo Mar\u00e7al, ex-candidato \u00e0 Prefeitura de S\u00e3o Paulo, cogita deixar o PRTB e j\u00e1 negocia se filiar ao Uni\u00e3o Brasil no primeiro semestre do ano que vem. A&hellip;<\/p>","protected":false},"author":1,"featured_media":55936,"comment_status":"closed","ping_status":"open","sticky":false,"template":"","format":"standard","meta":{"content-type":"","footnotes":""},"categories":[16],"tags":[123,2448,5313,1267],"class_list":["post-55935","post","type-post","status-publish","format-standard","has-post-thumbnail","hentry","category-noticias","tag-brasil","tag-diario","tag-noticia","tag-noticias"],"_links":{"self":[{"href":"https:\/\/tvbrazilusa.com\/pt\/wp-json\/wp\/v2\/posts\/55935","targetHints":{"allow":["GET"]}}],"collection":[{"href":"https:\/\/tvbrazilusa.com\/pt\/wp-json\/wp\/v2\/posts"}],"about":[{"href":"https:\/\/tvbrazilusa.com\/pt\/wp-json\/wp\/v2\/types\/post"}],"author":[{"embeddable":true,"href":"https:\/\/tvbrazilusa.com\/pt\/wp-json\/wp\/v2\/users\/1"}],"replies":[{"embeddable":true,"href":"https:\/\/tvbrazilusa.com\/pt\/wp-json\/wp\/v2\/comments?post=55935"}],"version-history":[{"count":1,"href":"https:\/\/tvbrazilusa.com\/pt\/wp-json\/wp\/v2\/posts\/55935\/revisions"}],"predecessor-version":[{"id":55937,"href":"https:\/\/tvbrazilusa.com\/pt\/wp-json\/wp\/v2\/posts\/55935\/revisions\/55937"}],"wp:featuredmedia":[{"embeddable":true,"href":"https:\/\/tvbrazilusa.com\/pt\/wp-json\/wp\/v2\/media\/55936"}],"wp:attachment":[{"href":"https:\/\/tvbrazilusa.com\/pt\/wp-json\/wp\/v2\/media?parent=55935"}],"wp:term":[{"taxonomy":"category","embeddable":true,"href":"https:\/\/tvbrazilusa.com\/pt\/wp-json\/wp\/v2\/categories?post=55935"},{"taxonomy":"post_tag","embeddable":true,"href":"https:\/\/tvbrazilusa.com\/pt\/wp-json\/wp\/v2\/tags?post=55935"}],"curies":[{"name":"wp","href":"https:\/\/api.w.org\/{rel}","templated":true}]}}