{"id":55967,"date":"2024-11-08T01:14:56","date_gmt":"2024-11-08T01:14:56","guid":{"rendered":"https:\/\/tvbrazilusa.com\/2024\/11\/08\/complicando-senador-anti-lula-e-cotado-para-ser-secretario-de-estado-dos-eua\/"},"modified":"2024-11-08T01:14:57","modified_gmt":"2024-11-08T01:14:57","slug":"complicando-senador-anti-lula-e-cotado-para-ser-secretario-de-estado-dos-eua","status":"publish","type":"post","link":"https:\/\/tvbrazilusa.com\/pt\/2024\/11\/08\/complicando-senador-anti-lula-e-cotado-para-ser-secretario-de-estado-dos-eua\/","title":{"rendered":"Complicando: senador anti-Lula \u00e9 cotado para ser secret\u00e1rio de Estado dos EUA"},"content":{"rendered":"<p> <script async src=\"https:\/\/pagead2.googlesyndication.com\/pagead\/js\/adsbygoogle.js?client=ca-pub-8864793242727901\"\r\n     crossorigin=\"anonymous\"><\/script><br \/>\n<\/p>\n<div id=\"taboola-read-more\" style=\"display:block; width:100%\">\n<p>O presidente eleito dos Estados Unidos, Donald Trump, j\u00e1 iniciou os movimentos para definir os nomes que ocupar\u00e3o os principais cargos em seu novo mandato. Uma das escolhas mais aguardadas, tanto nacional quanto internacionalmente, \u00e9 a do Secret\u00e1rio de Estado, posi\u00e7\u00e3o central nas rela\u00e7\u00f5es exteriores do pa\u00eds.<\/p>\n<p>O cargo ganha ainda mais aten\u00e7\u00e3o no atual cen\u00e1rio global, marcado por conflitos e disputas comerciais. Durante seu primeiro mandato, Trump retirou os Estados Unidos de v\u00e1rias organiza\u00e7\u00f5es internacionais, como a Unesco, e pressionou os pa\u00edses membros da Otan a aumentarem seus gastos militares.<\/p>\n<p>Entre os cotados para a Secretaria de Estado est\u00e1 o senador da Fl\u00f3rida, Marco Rubio. Conhecido por sua postura firme contra regimes como Cuba, Ir\u00e3 e Venezuela, Rubio \u00e9 um cr\u00edtico ferrenho do governo Lula e uma das vozes no movimento anti-China nos Estados Unidos. De origem cubana, ele construiu sua carreira pol\u00edtica com base nas demandas da di\u00e1spora cubana.<\/p>\n<p>Embora Rubio tenha sido considerado para vice de Trump, ele diverge do presidente em alguns pontos, especialmente em rela\u00e7\u00e3o ao apoio \u00e0 Ucr\u00e2nia. O senador participou de uma iniciativa bipartid\u00e1ria que busca dificultar a sa\u00edda dos EUA da Otan, postura que n\u00e3o sustenta o posicionamento pessoal de Trump.<\/p>\n<p>Em outubro, Rubio criticou o governo brasileiro, mencionando a suspens\u00e3o do X (Twitter) no pa\u00eds e frisando que a medida ocorreu durante a gest\u00e3o de Lula. Ao falar sobre o assunto, ele externou preocupa\u00e7\u00f5es com a liberdade de express\u00e3o. J\u00e1 no ano passado, ele se referiu a Lula como representante da \u201cextrema esquerda\u201d e acusou o ex-presidente brasileiro de proteger o \u201cnarco-regime de Maduro\u201d.\n<\/p>\n<p>Fonte: Conex\u00e3o Pol\u00edtica<\/p>\n<\/p><\/div>\n<p><br \/>\n<br \/><a href=\"https:\/\/diariodobrasilnoticias.com.br\/noticia\/complicando-senador-anti-lula-e-cotado-para-ser-secretario-de-estado-dos-eua-672d2d078b507\">Source link <\/a><\/p>","protected":false},"excerpt":{"rendered":"<p>O presidente eleito dos Estados Unidos, Donald Trump, j\u00e1 iniciou os movimentos para definir os nomes que ocupar\u00e3o os principais cargos em seu novo mandato. Uma das escolhas mais aguardadas,&hellip;<\/p>","protected":false},"author":1,"featured_media":55968,"comment_status":"closed","ping_status":"open","sticky":false,"template":"","format":"standard","meta":{"content-type":"","footnotes":""},"categories":[16],"tags":[123,2448,5313,1267],"class_list":["post-55967","post","type-post","status-publish","format-standard","has-post-thumbnail","hentry","category-noticias","tag-brasil","tag-diario","tag-noticia","tag-noticias"],"_links":{"self":[{"href":"https:\/\/tvbrazilusa.com\/pt\/wp-json\/wp\/v2\/posts\/55967","targetHints":{"allow":["GET"]}}],"collection":[{"href":"https:\/\/tvbrazilusa.com\/pt\/wp-json\/wp\/v2\/posts"}],"about":[{"href":"https:\/\/tvbrazilusa.com\/pt\/wp-json\/wp\/v2\/types\/post"}],"author":[{"embeddable":true,"href":"https:\/\/tvbrazilusa.com\/pt\/wp-json\/wp\/v2\/users\/1"}],"replies":[{"embeddable":true,"href":"https:\/\/tvbrazilusa.com\/pt\/wp-json\/wp\/v2\/comments?post=55967"}],"version-history":[{"count":1,"href":"https:\/\/tvbrazilusa.com\/pt\/wp-json\/wp\/v2\/posts\/55967\/revisions"}],"predecessor-version":[{"id":55969,"href":"https:\/\/tvbrazilusa.com\/pt\/wp-json\/wp\/v2\/posts\/55967\/revisions\/55969"}],"wp:featuredmedia":[{"embeddable":true,"href":"https:\/\/tvbrazilusa.com\/pt\/wp-json\/wp\/v2\/media\/55968"}],"wp:attachment":[{"href":"https:\/\/tvbrazilusa.com\/pt\/wp-json\/wp\/v2\/media?parent=55967"}],"wp:term":[{"taxonomy":"category","embeddable":true,"href":"https:\/\/tvbrazilusa.com\/pt\/wp-json\/wp\/v2\/categories?post=55967"},{"taxonomy":"post_tag","embeddable":true,"href":"https:\/\/tvbrazilusa.com\/pt\/wp-json\/wp\/v2\/tags?post=55967"}],"curies":[{"name":"wp","href":"https:\/\/api.w.org\/{rel}","templated":true}]}}