{"id":55975,"date":"2024-11-08T01:34:22","date_gmt":"2024-11-08T01:34:22","guid":{"rendered":"https:\/\/tvbrazilusa.com\/2024\/11\/08\/stf-deve-negar-pedido-de-bolsonaro-para-ir-a-posse-de-trump\/"},"modified":"2024-11-08T01:34:23","modified_gmt":"2024-11-08T01:34:23","slug":"stf-deve-negar-pedido-de-bolsonaro-para-ir-a-posse-de-trump","status":"publish","type":"post","link":"https:\/\/tvbrazilusa.com\/pt\/2024\/11\/08\/stf-deve-negar-pedido-de-bolsonaro-para-ir-a-posse-de-trump\/","title":{"rendered":"STF deve negar pedido de Bolsonaro para ir \u00e0 posse de Trump"},"content":{"rendered":"<p> <script async src=\"https:\/\/pagead2.googlesyndication.com\/pagead\/js\/adsbygoogle.js?client=ca-pub-8864793242727901\"\r\n     crossorigin=\"anonymous\"><\/script><br \/>\n<\/p>\n<div id=\"taboola-read-more\" style=\"display:block; width:100%\">\n<p>O Supremo Tribunal Federal (STF) deve negar o pedido do ex-presidente Jair Bolsonaro para ir \u00e0 posse de Donald Trump, no dia 20 de janeiro de 2025, nos Estados Unidos. A informa\u00e7\u00e3o \u00e9 da CNN Brasil.\n<\/p>\n<p>O republicano venceu o pleito contra a vice-presidente, Kamala Harris, e vai assumir a Casa Branca pela segunda vez.<\/p>\n<p>O Supremo bloqueou o passaporte do ex-presidente por suposto envolvimento em um golpe de Estado, no fim de 2022. O Poder Judici\u00e1rio vai manter o documento de Bolsonaro bloqueado enquanto investiga o caso.\n<\/p>\n<p>Bolsonaro entregou o passaporte por determina\u00e7\u00e3o do ministro Alexandre de Moraes. A Corte julgou necess\u00e1ria a a\u00e7\u00e3o para supostamente prevenir a fuga do ex-presidente para fora do pa\u00eds durante as investiga\u00e7\u00f5es da Pol\u00edcia Federal.\n<\/p>\n<p>Moraes afirmou que o \u201cdesenrolar dos fatos demonstrou a possibilidade de tentativa de evas\u00e3o dos investigados\u201d. A Pol\u00edcia Federal pretende concluir a investiga\u00e7\u00e3o ainda em 2024.\n<\/p>\n<p>Depois disso, o caso vai para o procurador-geral da Rep\u00fablica, Paulo Gonet. O jurista vai decidir se haver\u00e1 uma den\u00fancia contra Bolsonaro.\n<\/p>\n<p>Lula menciona \u201crela\u00e7\u00e3o civilizada\u201d com Donald Trump<br \/>O presidente Luiz In\u00e1cio Lula da Silva diz esperar uma rela\u00e7\u00e3o civilizada com Trump. O petista deu a declara\u00e7\u00e3o no programa PODK Liberados, da RedeTV!, comandado pelos senadores Jorge Kajuru (PSB-GO) e Leila Barros (PDT-DF).\n<\/p>\n<p>Quando interpelado sobre \u201co que poderia acontecer de pior com o Brasil\u201d, com a vit\u00f3ria do republicano, Lula disse n\u00e3o encarar a situa\u00e7\u00e3o dessa maneira. O presidente brasileiro afirmou que, embora n\u00e3o conhe\u00e7a Trump pessoalmente, espera construir uma \u201cconviv\u00eancia\u201d com ele.\n<\/p>\n<p>\u201cConhe\u00e7o o Trump de ouvi dizer, de ver mat\u00e9ria dele, de ouvi-lo na televis\u00e3o\u201d, afirmou o petista. \u201cMas espero que a conviv\u00eancia seja civilizada, como j\u00e1 tive com o George W. Bush, que era do Partido Republicano, com o Barack Obama e o Joe Biden. Essa \u00e9 a rela\u00e7\u00e3o que quero estabelecer.\u201d\n<\/p>\n<p>Fonte: Revista Oeste              <\/p>\n<\/div>\n<p><br \/>\n<br \/><a href=\"https:\/\/diariodobrasilnoticias.com.br\/noticia\/stf-deve-negar-pedido-de-bolsonaro-para-ir-a-posse-de-trump-672d4ef42af80\">Source link <\/a><\/p>","protected":false},"excerpt":{"rendered":"<p>O Supremo Tribunal Federal (STF) deve negar o pedido do ex-presidente Jair Bolsonaro para ir \u00e0 posse de Donald Trump, no dia 20 de janeiro de 2025, nos Estados Unidos.&hellip;<\/p>","protected":false},"author":1,"featured_media":55976,"comment_status":"closed","ping_status":"open","sticky":false,"template":"","format":"standard","meta":{"content-type":"","footnotes":""},"categories":[16],"tags":[123,2448,5313,1267],"class_list":["post-55975","post","type-post","status-publish","format-standard","has-post-thumbnail","hentry","category-noticias","tag-brasil","tag-diario","tag-noticia","tag-noticias"],"_links":{"self":[{"href":"https:\/\/tvbrazilusa.com\/pt\/wp-json\/wp\/v2\/posts\/55975","targetHints":{"allow":["GET"]}}],"collection":[{"href":"https:\/\/tvbrazilusa.com\/pt\/wp-json\/wp\/v2\/posts"}],"about":[{"href":"https:\/\/tvbrazilusa.com\/pt\/wp-json\/wp\/v2\/types\/post"}],"author":[{"embeddable":true,"href":"https:\/\/tvbrazilusa.com\/pt\/wp-json\/wp\/v2\/users\/1"}],"replies":[{"embeddable":true,"href":"https:\/\/tvbrazilusa.com\/pt\/wp-json\/wp\/v2\/comments?post=55975"}],"version-history":[{"count":1,"href":"https:\/\/tvbrazilusa.com\/pt\/wp-json\/wp\/v2\/posts\/55975\/revisions"}],"predecessor-version":[{"id":55977,"href":"https:\/\/tvbrazilusa.com\/pt\/wp-json\/wp\/v2\/posts\/55975\/revisions\/55977"}],"wp:featuredmedia":[{"embeddable":true,"href":"https:\/\/tvbrazilusa.com\/pt\/wp-json\/wp\/v2\/media\/55976"}],"wp:attachment":[{"href":"https:\/\/tvbrazilusa.com\/pt\/wp-json\/wp\/v2\/media?parent=55975"}],"wp:term":[{"taxonomy":"category","embeddable":true,"href":"https:\/\/tvbrazilusa.com\/pt\/wp-json\/wp\/v2\/categories?post=55975"},{"taxonomy":"post_tag","embeddable":true,"href":"https:\/\/tvbrazilusa.com\/pt\/wp-json\/wp\/v2\/tags?post=55975"}],"curies":[{"name":"wp","href":"https:\/\/api.w.org\/{rel}","templated":true}]}}