{"id":55986,"date":"2024-11-08T01:51:44","date_gmt":"2024-11-08T01:51:44","guid":{"rendered":"https:\/\/tvbrazilusa.com\/2024\/11\/08\/ao-contrario-do-que-a-imprensa-tenta-passar-o-governo-lula-sera-alvo-prioritario-de-trump-que-nao-trabalha-com-pragmatismo\/"},"modified":"2024-11-08T01:51:45","modified_gmt":"2024-11-08T01:51:45","slug":"ao-contrario-do-que-a-imprensa-tenta-passar-o-governo-lula-sera-alvo-prioritario-de-trump-que-nao-trabalha-com-pragmatismo","status":"publish","type":"post","link":"https:\/\/tvbrazilusa.com\/pt\/2024\/11\/08\/ao-contrario-do-que-a-imprensa-tenta-passar-o-governo-lula-sera-alvo-prioritario-de-trump-que-nao-trabalha-com-pragmatismo\/","title":{"rendered":"Ao contr\u00e1rio do que a imprensa tenta passar o governo Lula ser\u00e1 &#8216;alvo&#8217; priorit\u00e1rio de Trump que n\u00e3o trabalha com pragmatismo"},"content":{"rendered":"<p> <script async src=\"https:\/\/pagead2.googlesyndication.com\/pagead\/js\/adsbygoogle.js?client=ca-pub-8864793242727901\"\r\n     crossorigin=\"anonymous\"><\/script><br \/>\n<\/p>\n<div id=\"taboola-read-more\" style=\"display:block; width:100%\">\n<p>Com a vit\u00f3ria de Donald Trump para a presid\u00eancia dos Estados Unidos, o Brasil enfrenta um novo cen\u00e1rio de press\u00e3o geopol\u00edtica que promete redefinir as rela\u00e7\u00f5es bilaterais entre os dois pa\u00edses. A vit\u00f3ria de Trump sobre Kamala Harris na disputa presidencial n\u00e3o \u00e9 apenas uma mudan\u00e7a de governo, mas tamb\u00e9m um pren\u00fancio de mudan\u00e7as significativas na pol\u00edtica externa americana, com repercuss\u00f5es diretas no Brasil.\n<\/p>\n<p>A administra\u00e7\u00e3o de Joe Biden tinha uma postura de suporte ao Brasil, mesmo com as diverg\u00eancias ideol\u00f3gicas com o governo de Lula. No entanto, Trump, conhecido por seu estilo confrontativo e nacionalista, n\u00e3o \u00e9 esperado que continue essa coopera\u00e7\u00e3o de forma pac\u00edfica, especialmente considerando as declara\u00e7\u00f5es passadas de Lula chamando Trump de &#8220;nazista&#8221;, uma cr\u00edtica que certamente n\u00e3o ser\u00e1 esquecida.<\/p>\n<p><strong>O Caso Elon Musk:<\/strong>\n<\/p>\n<p>O Brasil se viu no centro das aten\u00e7\u00f5es com o conflito envolvendo Elon Musk, um dos mais proeminentes apoiadores de Trump. As decis\u00f5es judiciais contra Musk pelo ministro Alexandre de Moraes, que inclu\u00edram a inclus\u00e3o de Musk em um inqu\u00e9rito sobre supostas mil\u00edcias digitais onde teve total apoio Lula que at\u00e9 instigou a\u00e7\u00f5es do STF contra o bilion\u00e1rio, tensionaram ainda mais as rela\u00e7\u00f5es. Este embate se intensificou ap\u00f3s Musk criticar Moraes por decis\u00f5es que ele considerava censura, o que pode ter colocado o Brasil em uma posi\u00e7\u00e3o delicada com o novo governo americano.\n<\/p>\n<p>Al\u00e9m disso, h\u00e1 uma crescente press\u00e3o interna no Brasil contra o ministro Alexandre de Moraes. Parlamentares, especialmente aqueles alinhados com a direita, t\u00eam projetos para pressionar Moraes, alegando que suas decis\u00f5es n\u00e3o respeitam a liberdade de express\u00e3o e promovem a censura no pa\u00eds. Este conflito interno pode agravar a situa\u00e7\u00e3o internacional do Brasil, especialmente em um momento onde a pol\u00edtica americana sob Trump pode buscar fortalecer aliados de direita na Am\u00e9rica Latina.\n<\/p>\n<p>Os EUA, sob a lideran\u00e7a de Trump, t\u00eam uma hist\u00f3ria de usar mecanismos internacionais para pressionar governos divergentes. Com o controle republicano sobre o Senado, a C\u00e2mara e a Suprema Corte, Trump pode exercer uma influ\u00eancia ainda maior nas institui\u00e7\u00f5es mundiais. O Brasil, para evitar o isolamento internacional, pode ser for\u00e7ado a fazer concess\u00f5es significativas, especialmente em \u00e1reas onde os interesses dos EUA e de Trump s\u00e3o diretos, como a liberdade de express\u00e3o e as pol\u00edticas digitais.\n<\/p>\n<p>A realidade \u00e9 que, apesar dos esfor\u00e7os da imprensa e do pr\u00f3prio governo brasileiro para minimizar o impacto, a reelei\u00e7\u00e3o de Trump apresenta um cen\u00e1rio de dificuldades para o Brasil. A pol\u00edtica externa brasileira, que agride Israel e faz oposi\u00e7\u00e3o a um aliado hist\u00f3rico dos americanos e em especial de Donald Trump n\u00e3o passar\u00e1 inc\u00f3lume e certamente ter\u00e1 um tortuoso caminho at\u00e9 as elei\u00e7\u00f5es em 2026 que enfrentar\u00e1 uma direita totalmente anabolizada politicamente.\n<\/p>\n<p>Por: J\u00fanior Melo              <\/p>\n<\/div>\n<p><br \/>\n<br \/><a href=\"https:\/\/diariodobrasilnoticias.com.br\/noticia\/ao-contrario-do-que-a-imprensa-tenta-passar-o-governo-lula-sera-alvo-prioritario-de-trump-que-nao-trabalha-com-pragmatismo-672d46c02e3e4\">Source link <\/a><\/p>","protected":false},"excerpt":{"rendered":"<p>Com a vit\u00f3ria de Donald Trump para a presid\u00eancia dos Estados Unidos, o Brasil enfrenta um novo cen\u00e1rio de press\u00e3o geopol\u00edtica que promete redefinir as rela\u00e7\u00f5es bilaterais entre os dois&hellip;<\/p>","protected":false},"author":1,"featured_media":55987,"comment_status":"closed","ping_status":"open","sticky":false,"template":"","format":"standard","meta":{"content-type":"","footnotes":""},"categories":[16],"tags":[123,2448,5313,1267],"class_list":["post-55986","post","type-post","status-publish","format-standard","has-post-thumbnail","hentry","category-noticias","tag-brasil","tag-diario","tag-noticia","tag-noticias"],"_links":{"self":[{"href":"https:\/\/tvbrazilusa.com\/pt\/wp-json\/wp\/v2\/posts\/55986","targetHints":{"allow":["GET"]}}],"collection":[{"href":"https:\/\/tvbrazilusa.com\/pt\/wp-json\/wp\/v2\/posts"}],"about":[{"href":"https:\/\/tvbrazilusa.com\/pt\/wp-json\/wp\/v2\/types\/post"}],"author":[{"embeddable":true,"href":"https:\/\/tvbrazilusa.com\/pt\/wp-json\/wp\/v2\/users\/1"}],"replies":[{"embeddable":true,"href":"https:\/\/tvbrazilusa.com\/pt\/wp-json\/wp\/v2\/comments?post=55986"}],"version-history":[{"count":1,"href":"https:\/\/tvbrazilusa.com\/pt\/wp-json\/wp\/v2\/posts\/55986\/revisions"}],"predecessor-version":[{"id":55988,"href":"https:\/\/tvbrazilusa.com\/pt\/wp-json\/wp\/v2\/posts\/55986\/revisions\/55988"}],"wp:featuredmedia":[{"embeddable":true,"href":"https:\/\/tvbrazilusa.com\/pt\/wp-json\/wp\/v2\/media\/55987"}],"wp:attachment":[{"href":"https:\/\/tvbrazilusa.com\/pt\/wp-json\/wp\/v2\/media?parent=55986"}],"wp:term":[{"taxonomy":"category","embeddable":true,"href":"https:\/\/tvbrazilusa.com\/pt\/wp-json\/wp\/v2\/categories?post=55986"},{"taxonomy":"post_tag","embeddable":true,"href":"https:\/\/tvbrazilusa.com\/pt\/wp-json\/wp\/v2\/tags?post=55986"}],"curies":[{"name":"wp","href":"https:\/\/api.w.org\/{rel}","templated":true}]}}