{"id":56045,"date":"2024-11-08T03:58:44","date_gmt":"2024-11-08T03:58:44","guid":{"rendered":"https:\/\/tvbrazilusa.com\/2024\/11\/08\/fab-faz-simulacao-de-guerra-com-paraquedistas-pulando-de-aviao-no-interior-do-nordeste-veja-video\/"},"modified":"2024-11-08T03:58:45","modified_gmt":"2024-11-08T03:58:45","slug":"fab-faz-simulacao-de-guerra-com-paraquedistas-pulando-de-aviao-no-interior-do-nordeste-veja-video","status":"publish","type":"post","link":"https:\/\/tvbrazilusa.com\/pt\/2024\/11\/08\/fab-faz-simulacao-de-guerra-com-paraquedistas-pulando-de-aviao-no-interior-do-nordeste-veja-video\/","title":{"rendered":"FAB faz simula\u00e7\u00e3o de guerra com paraquedistas pulando de avi\u00e3o no interior do Nordeste, VEJA V\u00cdDEO"},"content":{"rendered":"<p> <script async src=\"https:\/\/pagead2.googlesyndication.com\/pagead\/js\/adsbygoogle.js?client=ca-pub-8864793242727901\"\r\n     crossorigin=\"anonymous\"><\/script><br \/>\n<\/p>\n<div id=\"taboola-read-more\" style=\"display:block; width:100%\">\n<p>Na manh\u00e3 desta quinta-feira, os c\u00e9us de Mossor\u00f3\/RN foram palco de uma emocionante opera\u00e7\u00e3o de salto com paraquedistas da For\u00e7a A\u00e9rea Brasileira (FAB). Realizado a partir da aeronave multimiss\u00e3o KC-390 Millennium, o exerc\u00edcio faz parte do treinamento de tropas especializadas e visa aprimorar as habilidades de salto e mobilidade a\u00e9rea.\n<\/p>\n<p>O KC-390, conhecido por sua versatilidade e capacidade de transportar cargas e tropas em opera\u00e7\u00f5es militares e de assist\u00eancia humanit\u00e1ria, \u00e9 uma das aeronaves de maior destaque da FAB. Durante o exerc\u00edcio, paraquedistas saltaram de alturas elevadas, em um cen\u00e1rio que simulava opera\u00e7\u00f5es de resposta r\u00e1pida e lan\u00e7amentos de for\u00e7as t\u00e1ticas em locais estrat\u00e9gicos.<\/p>\n<p>A opera\u00e7\u00e3o tamb\u00e9m fortalece a capacidade log\u00edstica das for\u00e7as de seguran\u00e7a na regi\u00e3o Nordeste, e \u00e9 parte dos esfor\u00e7os cont\u00ednuos de treinamento e prontid\u00e3o operacional. Com sua alta capacidade de carga e efici\u00eancia, o KC-390 permite uma resposta \u00e1gil a diferentes cen\u00e1rios, reafirmando a import\u00e2ncia da prepara\u00e7\u00e3o cont\u00ednua das for\u00e7as armadas brasileiras.\n<\/p>\n<p><strong>VEJA V\u00cdDEO:<\/strong>\n<\/p>\n<p>Fonte: Informa\u00e7\u00e3o              <\/p>\n<\/div>\n<p><br \/>\n<br \/><a href=\"https:\/\/diariodobrasilnoticias.com.br\/noticia\/fab-faz-simulacao-de-guerra-com-paraquedistas-pulando-de-aviao-no-interior-do-nordeste-veja-video-672d2ef435c38\">Source link <\/a><\/p>","protected":false},"excerpt":{"rendered":"<p>Na manh\u00e3 desta quinta-feira, os c\u00e9us de Mossor\u00f3\/RN foram palco de uma emocionante opera\u00e7\u00e3o de salto com paraquedistas da For\u00e7a A\u00e9rea Brasileira (FAB). Realizado a partir da aeronave multimiss\u00e3o KC-390&hellip;<\/p>","protected":false},"author":1,"featured_media":56046,"comment_status":"closed","ping_status":"open","sticky":false,"template":"","format":"standard","meta":{"content-type":"","footnotes":""},"categories":[16],"tags":[123,2448,5313,1267],"class_list":["post-56045","post","type-post","status-publish","format-standard","has-post-thumbnail","hentry","category-noticias","tag-brasil","tag-diario","tag-noticia","tag-noticias"],"_links":{"self":[{"href":"https:\/\/tvbrazilusa.com\/pt\/wp-json\/wp\/v2\/posts\/56045","targetHints":{"allow":["GET"]}}],"collection":[{"href":"https:\/\/tvbrazilusa.com\/pt\/wp-json\/wp\/v2\/posts"}],"about":[{"href":"https:\/\/tvbrazilusa.com\/pt\/wp-json\/wp\/v2\/types\/post"}],"author":[{"embeddable":true,"href":"https:\/\/tvbrazilusa.com\/pt\/wp-json\/wp\/v2\/users\/1"}],"replies":[{"embeddable":true,"href":"https:\/\/tvbrazilusa.com\/pt\/wp-json\/wp\/v2\/comments?post=56045"}],"version-history":[{"count":1,"href":"https:\/\/tvbrazilusa.com\/pt\/wp-json\/wp\/v2\/posts\/56045\/revisions"}],"predecessor-version":[{"id":56047,"href":"https:\/\/tvbrazilusa.com\/pt\/wp-json\/wp\/v2\/posts\/56045\/revisions\/56047"}],"wp:featuredmedia":[{"embeddable":true,"href":"https:\/\/tvbrazilusa.com\/pt\/wp-json\/wp\/v2\/media\/56046"}],"wp:attachment":[{"href":"https:\/\/tvbrazilusa.com\/pt\/wp-json\/wp\/v2\/media?parent=56045"}],"wp:term":[{"taxonomy":"category","embeddable":true,"href":"https:\/\/tvbrazilusa.com\/pt\/wp-json\/wp\/v2\/categories?post=56045"},{"taxonomy":"post_tag","embeddable":true,"href":"https:\/\/tvbrazilusa.com\/pt\/wp-json\/wp\/v2\/tags?post=56045"}],"curies":[{"name":"wp","href":"https:\/\/api.w.org\/{rel}","templated":true}]}}