{"id":56071,"date":"2024-11-08T03:47:03","date_gmt":"2024-11-08T03:47:03","guid":{"rendered":"https:\/\/tvbrazilusa.com\/2024\/11\/08\/brad-marchand-marca-gol-no-ot-para-levar-bruins-a-vitoria-por-4-3-sobre-o-flames\/"},"modified":"2024-11-08T04:41:33","modified_gmt":"2024-11-08T04:41:33","slug":"brad-marchand-marca-gol-no-ot-para-levar-bruins-a-vitoria-por-4-3-sobre-o-flames","status":"publish","type":"post","link":"https:\/\/tvbrazilusa.com\/pt\/2024\/11\/08\/brad-marchand-marca-gol-no-ot-para-levar-bruins-a-vitoria-por-4-3-sobre-o-flames\/","title":{"rendered":"Brad Marchand marca gol no OT para levar Bruins \u00e0 vit\u00f3ria por 4-3 sobre o Flames"},"content":{"rendered":"<p> <script async src=\"https:\/\/pagead2.googlesyndication.com\/pagead\/js\/adsbygoogle.js?client=ca-pub-8864793242727901\"\r\n     crossorigin=\"anonymous\"><\/script><br \/>\n<\/p>\n<div id=\"\">\n<header class=\"m-article-header m-article-header--standard\">\n\t\t\t\t\t\t\t\t\t\t\t\t<span id=\"article-header-primary-term\"><br \/>\n\t\t\t\t\t\t\t\t<a class=\"a-term a-term--primary\" href=\"https:\/\/www.boston.com\/tag\/boston-bruins\/\"><\/p>\n<p>\t\t\t\t\t\t\t\tBruins\t\t\t\t\t\t\t\t<\/a><br \/>\n\t\t\t\t\t\t\t<\/span><\/p>\n<h2 class=\"m-article-header__sub-headline\"\/>\n<figure class=\"a-photo m-article-header__photo\"><figcaption class=\"a-photo__caption\">\n<p>\tO ala esquerdo do Bruins, Brad Marchand, comemora o gol da vit\u00f3ria ao derrotar o goleiro do Calgary Flames, Dan Vladar, durante a prorroga\u00e7\u00e3o.<em> Matthew J Lee\/Equipe da Globo<\/em>\t<\/figcaption><\/figure>\n<\/header>\n<p>BOSTON (AP) \u2013 Brad Marchand marcou um backhand em seu pr\u00f3prio rebote faltando 20 segundos para o fim da prorroga\u00e7\u00e3o para levar os Bruins \u00e0 vit\u00f3ria por 4 a 3 sobre o Flames na noite de quinta-feira.<\/p>\n<p>Foi o segundo vencedor do OT de Marchand na temporada e resgatou um p\u00eanalti cometido por ele que levou a um gol de power play no primeiro minuto do terceiro per\u00edodo.<\/p>\n<p>Hampus Lindholm, Pavel Zacha e Cole Koepke marcaram os outros gols do Boston, e David Pastrnak deu duas assist\u00eancias. Joonas Korpisalo parou 34 arremessos para os Bruins.<\/p>\n<p>Calgary recebeu gols de Tyson Barrie, Yegor Sharangovich e Nazem Kadri. Os Flames perdiam para os Bruins por 3 a 1 no terceiro per\u00edodo, antes de Sharangovich marcar com vantagem de homem e Kadri igualar aos 9:55.<\/p>\n<p>Dustin Wolf fez 34 defesas para os Flames.<\/p>\n<h4 class=\"wp-block-heading\" id=\"h-takeaways\">Conclus\u00f5es<\/h4>\n<p>Chamas: Calgary abriu a temporada com quatro vit\u00f3rias consecutivas, mas venceu apenas tr\u00eas jogos nos \u00faltimos 10.<\/p>\n<p>Bruins: Korpisalo fez seu quinto jogo como titular na temporada como gol e agora est\u00e1 3-2.<\/p>\n<h4 class=\"wp-block-heading\" id=\"h-key-moment\">Momento chave<\/h4>\n<p>Com um tiroteio iminente, <a href=\"https:\/\/www.boston.com\/tag\/boston-bruins\/\">de Boston<\/a> Elias Lindholm for\u00e7ou uma reviravolta nas tabelas que levou Marchand a marcar seu quarto gol na temporada e a terceira vit\u00f3ria dos Bruins na prorroga\u00e7\u00e3o.<\/p>\n<h4 class=\"wp-block-heading\" id=\"h-key-stat\">Estat\u00edstica principal<\/h4>\n<p>Depois de acertar a trave duas vezes no tempo regulamentar, Marchand marcou o 21\u00ba gol da vit\u00f3ria na prorroga\u00e7\u00e3o de sua carreira.<\/p>\n<h4 class=\"wp-block-heading\" id=\"h-up-next\">A seguir<\/h4>\n<p>Os Flames encerram uma viagem de tr\u00eas jogos em Buffalo no s\u00e1bado, no mesmo dia em que os Bruins concluem uma partida de dois jogos contra o Ottawa.<\/p>\n<div class=\"m-block m-generic-cta\t m-generic-cta--post-content\t m-generic-cta--dark\t m-generic-cta--homepage\t m-generic-cta--email-signup\t\t m-generic-cta-block-style--default \tt-amp__generic-cta\"><\/p>\n<div class=\"m-generic-cta__wrap\">\n<div class=\"m-generic-cta__content\">\n<h3 class=\"m-generic-cta__title\">Inscreva-se para receber atualiza\u00e7\u00f5es do Bruins\ud83c\udfd2 <\/h3>\n<p class=\"m-generic-cta__subtitle\">Receba as \u00faltimas not\u00edcias e an\u00e1lises em sua caixa de entrada durante a temporada de h\u00f3quei.<\/p>\n<\/p><\/div>\n<\/p><\/div>\n<\/div><\/div>\n<p><script>\n\t\tvar consent=\"grant\";\n\t\t\/* The above code is parsing the JSON data from the local storage and storing it in a variable. *\/\n\t\t\t\t\tconst onetrustStorageConsent = JSON.parse(localStorage.getItem( 'consent_one_trust_bdc' ) );\n\t\t\tif ( ( onetrustStorageConsent !== null ) ) {\n\t\t\t\t\/* Checking to see if the user has consented to the use of cookies.\n\t\t\t\t* If they have not, it is deleting the cookie.\n\t\t\t\t* This will comment for now, until further notice.\n\t\t\t\t*\/\n\t\t\t\t\/\/if ( onetrustStorageConsent.C0002 === false ) {\n\t\t\t\t\/\/\tdocument.cookie=\"_fbp=;expires=Thu, 01 Jan 2010 00:00:00 UTC; path=\/; domain=.boston.com\";\n\t\t\t\t\/\/}\n\t\t\t\t\/* Checking if the user has given consent for the cookie C0002.\n\t\t\t\t* If the user has given consent, the variable consent will be set to 'grant'.\n\t\t\t\t* If the user has not given consent,the variable consent will be set to 'revoke'.\n\t\t\t\t* Documentation https:\/\/developers.facebook.com\/docs\/meta-pixel\/implementation\/gdpr\n\t\t\t\t*\/\n\t\t\t\tif ( onetrustStorageConsent.C0002 !== true ) {\n\t\t\t\t\tconsent=\"revoke\";\n\t\t\t\t}\n\t\t\t}\n\t\t\t\t!function(f,b,e,v,n,t,s)\n\t\t{if(f.fbq)return;n=f.fbq=function(){n.callMethod?\n\t\tn.callMethod.apply(n,arguments):n.queue.push(arguments)};\n\t\tif(!f._fbq)f._fbq=n;n.push=n;n.loaded=!0;n.version='2.0';\n\t\tn.queue=[];t=b.createElement(e);t.async=!0;\n\t\tt.src=v;s=b.getElementsByTagName(e)[0];\n\t\ts.parentNode.insertBefore(t,s)}(window, document,'script',\n\t\t'https:\/\/connect.facebook.net\/en_US\/fbevents.js');\n\t\tfbq('consent', consent);\n\t\tfbq('init', '989222871864976');\n\t\tfbq('track', 'PageView');\n\t<\/script><script type=\"module\">\n\t\tvar consent=\"grant\";\n\t\t\/* The above code is parsing the JSON data from the local storage and storing it in a variable. *\/\n\t\t\tconst onetrustStorageConsent = JSON.parse(localStorage.getItem( 'consent_one_trust_bdc' ) );\n\t\t\t\/* Checking to see if the user has consented to the use of cookies.\n\t\t\t* If they have not, it is deleting the cookie.\n\t\t\t* This will comment for now, until further notice.\n\t\t\t*\/\n\t\t\t\/\/if ( onetrustStorageConsent.C0002 === false ) {\n\t\t\t\/\/\tdocument.cookie=\"_fbp=;expires=Thu, 01 Jan 2010 00:00:00 UTC; path=\/; domain=.boston.com\";\n\t\t\t\/\/}\n\t\t\t\/* Checking if the user has given consent for the cookie C0002.\n\t\t\t* If the user has given consent, the variable consent will be set to 'grant'.\n\t\t\t* If the user has not given consent,the variable consent will be set to 'revoke'.\n\t\t\t* Documentation https:\/\/developers.facebook.com\/docs\/meta-pixel\/implementation\/gdpr\n\t\t\t*\/\n\t\t\tif ( ( onetrustStorageConsent !== null ) && (onetrustStorageConsent.C0002 !== true ) ) {\n\t\t\t\tconsent=\"revoke\";\n\t\t\t}\n\t\t\t\t!function(f,b,e,v,n,t,s){if(f.fbq)return;n=f.fbq=function()\n\t\t{n.callMethod? n.callMethod.apply(n,arguments):n.queue.push(arguments)}\n\t\t;if(!f._fbq)f._fbq=n;\n\t\tn.push=n;n.loaded=!0;n.version='2.0';n.queue=[];t=b.createElement(e);t.async=!0;\n\t\tt.src=v;s=b.getElementsByTagName(e)[0];s.parentNode.insertBefore(t,s)}(window,\n\t\tdocument,'script','https:\/\/connect.facebook.net\/en_US\/fbevents.js');\n\t\tfbq('consent', consent);\n\t\tfbq('init', '813236348753005');\n\t\tfbq('track', \"PageView\");\n\t<\/script><br \/>\n<br \/><br \/>\n<br \/><a href=\"https:\/\/www.boston.com\/sports\/boston-bruins\/2024\/11\/07\/brad-marchand-scores-ot-goal-to-lead-bruins-to-4-3-victory-over-flames\/\">Source link <\/a><\/p>","protected":false},"excerpt":{"rendered":"<p>Bruins O ala esquerdo do Bruins, Brad Marchand, comemora o gol da vit\u00f3ria ao derrotar o goleiro do Calgary Flames, Dan Vladar, durante a prorroga\u00e7\u00e3o. Matthew J Lee\/Equipe da Globo&hellip;<\/p>","protected":false},"author":1,"featured_media":56072,"comment_status":"closed","ping_status":"open","sticky":false,"template":"","format":"standard","meta":{"content-type":"","footnotes":""},"categories":[1],"tags":[],"class_list":["post-56071","post","type-post","status-publish","format-standard","has-post-thumbnail","hentry","category-uncategorized"],"_links":{"self":[{"href":"https:\/\/tvbrazilusa.com\/pt\/wp-json\/wp\/v2\/posts\/56071","targetHints":{"allow":["GET"]}}],"collection":[{"href":"https:\/\/tvbrazilusa.com\/pt\/wp-json\/wp\/v2\/posts"}],"about":[{"href":"https:\/\/tvbrazilusa.com\/pt\/wp-json\/wp\/v2\/types\/post"}],"author":[{"embeddable":true,"href":"https:\/\/tvbrazilusa.com\/pt\/wp-json\/wp\/v2\/users\/1"}],"replies":[{"embeddable":true,"href":"https:\/\/tvbrazilusa.com\/pt\/wp-json\/wp\/v2\/comments?post=56071"}],"version-history":[{"count":1,"href":"https:\/\/tvbrazilusa.com\/pt\/wp-json\/wp\/v2\/posts\/56071\/revisions"}],"predecessor-version":[{"id":56073,"href":"https:\/\/tvbrazilusa.com\/pt\/wp-json\/wp\/v2\/posts\/56071\/revisions\/56073"}],"wp:featuredmedia":[{"embeddable":true,"href":"https:\/\/tvbrazilusa.com\/pt\/wp-json\/wp\/v2\/media\/56072"}],"wp:attachment":[{"href":"https:\/\/tvbrazilusa.com\/pt\/wp-json\/wp\/v2\/media?parent=56071"}],"wp:term":[{"taxonomy":"category","embeddable":true,"href":"https:\/\/tvbrazilusa.com\/pt\/wp-json\/wp\/v2\/categories?post=56071"},{"taxonomy":"post_tag","embeddable":true,"href":"https:\/\/tvbrazilusa.com\/pt\/wp-json\/wp\/v2\/tags?post=56071"}],"curies":[{"name":"wp","href":"https:\/\/api.w.org\/{rel}","templated":true}]}}