{"id":56074,"date":"2024-11-08T04:51:14","date_gmt":"2024-11-08T04:51:14","guid":{"rendered":"https:\/\/tvbrazilusa.com\/2024\/11\/08\/ira-divulga-o-destino-de-estudante-detida-por-protestar-vestida-com-roupas-intimas\/"},"modified":"2024-11-08T04:51:15","modified_gmt":"2024-11-08T04:51:15","slug":"ira-divulga-o-destino-de-estudante-detida-por-protestar-vestida-com-roupas-intimas","status":"publish","type":"post","link":"https:\/\/tvbrazilusa.com\/pt\/2024\/11\/08\/ira-divulga-o-destino-de-estudante-detida-por-protestar-vestida-com-roupas-intimas\/","title":{"rendered":"Ir\u00e3 divulga o destino de estudante detida por protestar vestida com roupas \u00edntimas"},"content":{"rendered":"<p> <script async src=\"https:\/\/pagead2.googlesyndication.com\/pagead\/js\/adsbygoogle.js?client=ca-pub-8864793242727901\"\r\n     crossorigin=\"anonymous\"><\/script><br \/>\n<\/p>\n<div id=\"taboola-read-more\" style=\"display:block; width:100%\">\n<p>A estudante iraniana presa em Teer\u00e3 por protestar com roupas \u00edntimas foi \u201ctransferida para um centro de atendimento especializado\u201d, disse a embaixada do Ir\u00e3 em Paris, na quarta-feira 6. A a\u00e7\u00e3o ocorreu no s\u00e1bado, 2, em frente \u00e0 Universidade de Azad, onde ela estuda. A jovem se despiu para se manifestar contra a persegui\u00e7\u00e3o de agentes de seguran\u00e7a associados \u00e0 Guarda Revolucion\u00e1ria.\n<\/p>\n<p>Acusada de desrespeitar o rigoroso c\u00f3digo de vestimenta isl\u00e2mico vigente no pa\u00eds, a estudante foi abordada e levada por autoridades para um carro.<\/p>\n<p>A embaixada iraniana declarou que a jovem seguiu para um \u201ccentro de atendimento especializado\u201d por apresentar uma \u201cfragilidade psicol\u00f3gica\u201d. O governo n\u00e3o divulgou detalhes sobre o local ou o tipo de tratamento ao qual ela se submeteria.\n<\/p>\n<p>Rea\u00e7\u00e3o do governo do Ir\u00e3 e de entidades internacionais<br \/>A Anistia Internacional afirmou que a jovem est\u00e1 em um hospital psiqui\u00e1trico. A organiza\u00e7\u00e3o destacou que as autoridades iranianas frequentemente classificam a resist\u00eancia ao uso obrigat\u00f3rio do v\u00e9u como um \u201ctranstorno mental\u201d que requer tratamento.\n<\/p>\n<p>O ministro da Ci\u00eancia, Pesquisa e Tecnologia do Ir\u00e3, Hosein Simaei, declarou que o comportamento da estudante foi \u201cimoral\u201d. Ele refletiu a postura oficial do governo em rela\u00e7\u00e3o aos protestos que desafiam as normas culturais e religiosas do pa\u00eds.\n<\/p>\n<p>A embaixada do Ir\u00e3 em Paris mencionou que, uma vez recuperada, a estudante poder\u00e1 retomar seus estudos na Universidade de Azad, desde que a institui\u00e7\u00e3o permita.\n<\/p>\n<p>Apoio internacional e simbolismo do caso<br \/>Esse caso ganhou repercuss\u00e3o internacional, tornando a jovem um s\u00edmbolo da luta pelos direitos das mulheres no Ir\u00e3. A ativista Masih Alinejad, que vive nos Estados Unidos, descreveu a estudante como \u201cuma mulher cheia de alegria e vitalidade\u201d.\n<\/p>\n<p>Cr\u00edtica do regime iraniano, Alinejad destacou a coragem da jovem em desafiar as normas opressivas. A estudante, m\u00e3e de dois filhos e divorciada, nega qualquer problema mental, e seus apoiadores argumentam que sua deten\u00e7\u00e3o \u00e9 uma tentativa de silenciar vozes dissidentes.\n<\/p>\n<p>Fonte: Revista Oeste              <\/p>\n<\/div>\n<p><br \/>\n<br \/><a href=\"https:\/\/diariodobrasilnoticias.com.br\/noticia\/ira-divulga-o-destino-de-estudante-detida-por-protestar-vestida-com-roupas-intimas-672d3cdd08995\">Source link <\/a><\/p>","protected":false},"excerpt":{"rendered":"<p>A estudante iraniana presa em Teer\u00e3 por protestar com roupas \u00edntimas foi \u201ctransferida para um centro de atendimento especializado\u201d, disse a embaixada do Ir\u00e3 em Paris, na quarta-feira 6. A&hellip;<\/p>","protected":false},"author":1,"featured_media":56075,"comment_status":"closed","ping_status":"open","sticky":false,"template":"","format":"standard","meta":{"content-type":"","footnotes":""},"categories":[16],"tags":[123,2448,5313,1267],"class_list":["post-56074","post","type-post","status-publish","format-standard","has-post-thumbnail","hentry","category-noticias","tag-brasil","tag-diario","tag-noticia","tag-noticias"],"_links":{"self":[{"href":"https:\/\/tvbrazilusa.com\/pt\/wp-json\/wp\/v2\/posts\/56074","targetHints":{"allow":["GET"]}}],"collection":[{"href":"https:\/\/tvbrazilusa.com\/pt\/wp-json\/wp\/v2\/posts"}],"about":[{"href":"https:\/\/tvbrazilusa.com\/pt\/wp-json\/wp\/v2\/types\/post"}],"author":[{"embeddable":true,"href":"https:\/\/tvbrazilusa.com\/pt\/wp-json\/wp\/v2\/users\/1"}],"replies":[{"embeddable":true,"href":"https:\/\/tvbrazilusa.com\/pt\/wp-json\/wp\/v2\/comments?post=56074"}],"version-history":[{"count":1,"href":"https:\/\/tvbrazilusa.com\/pt\/wp-json\/wp\/v2\/posts\/56074\/revisions"}],"predecessor-version":[{"id":56076,"href":"https:\/\/tvbrazilusa.com\/pt\/wp-json\/wp\/v2\/posts\/56074\/revisions\/56076"}],"wp:featuredmedia":[{"embeddable":true,"href":"https:\/\/tvbrazilusa.com\/pt\/wp-json\/wp\/v2\/media\/56075"}],"wp:attachment":[{"href":"https:\/\/tvbrazilusa.com\/pt\/wp-json\/wp\/v2\/media?parent=56074"}],"wp:term":[{"taxonomy":"category","embeddable":true,"href":"https:\/\/tvbrazilusa.com\/pt\/wp-json\/wp\/v2\/categories?post=56074"},{"taxonomy":"post_tag","embeddable":true,"href":"https:\/\/tvbrazilusa.com\/pt\/wp-json\/wp\/v2\/tags?post=56074"}],"curies":[{"name":"wp","href":"https:\/\/api.w.org\/{rel}","templated":true}]}}