{"id":56100,"date":"2024-11-08T10:09:18","date_gmt":"2024-11-08T10:09:18","guid":{"rendered":"https:\/\/tvbrazilusa.com\/2024\/11\/08\/bomba-diretor-da-astrazeneca-e-preso-na-china\/"},"modified":"2024-11-08T10:09:20","modified_gmt":"2024-11-08T10:09:20","slug":"bomba-diretor-da-astrazeneca-e-preso-na-china","status":"publish","type":"post","link":"https:\/\/tvbrazilusa.com\/pt\/2024\/11\/08\/bomba-diretor-da-astrazeneca-e-preso-na-china\/","title":{"rendered":"BOMBA: Diretor da AstraZeneca \u00e9 preso na China"},"content":{"rendered":"<p> <script async src=\"https:\/\/pagead2.googlesyndication.com\/pagead\/js\/adsbygoogle.js?client=ca-pub-8864793242727901\"\r\n     crossorigin=\"anonymous\"><\/script><br \/>\n<\/p>\n<div id=\"taboola-read-more\" style=\"display:block; width:100%\">\n<p class=\"bullet mt-0\" data-v-232111b4=\"data-v-232111b4\">A gigante farmac\u00eautica brit\u00e2nica AstraZeneca disse nesta quinta-feira (7) que o chefe de suas opera\u00e7\u00f5es na China foi detido no pa\u00eds, onde a empresa est\u00e1 sendo investigada por coleta de dados potencialmente ilegais e pela importa\u00e7\u00e3o de um medicamento.\n<\/p>\n<p class=\"bullet\" data-v-232111b4=\"data-v-232111b4\">Leon Wang, presidente da AstraZeneca na China, &#8220;foi detido&#8221;, disse um membro do servi\u00e7o de comunica\u00e7\u00f5es do grupo em um e-mail \u00e0 AFP.<\/p>\n<p class=\"bullet\" data-v-232111b4=\"data-v-232111b4\">No m\u00eas passado, a AstraZeneca havia confirmado que Wang estava sendo investigado.\n<\/p>\n<p class=\"bullet mt-0\" data-v-232111b4=\"data-v-232111b4\">A China \u00e9 um mercado-chave para o grupo farmac\u00eautico, que desenvolveu uma vacina contra a covid-19 amplamente administrada em todo o mundo durante a pandemia do\u00a0<a href=\"https:\/\/12ft.io\/proxy?q=https%3A%2F%2Fnoticias.uol.com.br%2Fcoronavirus%2F\" target=\"_parent\" rel=\"noopener\">coronav\u00edrus<\/a>.\n<\/p>\n<p class=\"bullet\" data-v-232111b4=\"data-v-232111b4\">Em setembro, a empresa confirmou que v\u00e1rios de seus funcion\u00e1rios estavam sob investiga\u00e7\u00e3o na China, depois que surgiram not\u00edcias de que eles estavam sendo questionados sobre coleta de dados e importa\u00e7\u00e3o de medicamentos potencialmente ilegais.\n<\/p>\n<p class=\"bullet\" data-v-232111b4=\"data-v-232111b4\">As autoridades de Shenzhen, no sul da China, investigaram cinco cidad\u00e3os chineses. Entre eles estavam funcion\u00e1rios e ex-funcion\u00e1rios do grupo, de acordo com a Bloomberg.\n<\/p>\n<p class=\"bullet\" data-v-232111b4=\"data-v-232111b4\">Uma das investiga\u00e7\u00f5es est\u00e1 relacionada \u00e0 coleta de dados de pacientes, pois as autoridades suspeitam de uma viola\u00e7\u00e3o das leis de privacidade chinesas, de acordo com a Bloomberg, citando fontes pr\u00f3ximas ao caso.\n<\/p>\n<p class=\"bullet\" data-v-232111b4=\"data-v-232111b4\">Outra investiga\u00e7\u00e3o diz respeito a poss\u00edveis importa\u00e7\u00f5es de um medicamento para c\u00e2ncer de f\u00edgado que n\u00e3o foi aprovado na China continental, de acordo com a ag\u00eancia de not\u00edcias.\n<\/p>\n<p class=\"bullet\" data-v-232111b4=\"data-v-232111b4\">\u00a0\n<\/p>\n<p class=\"bullet\" data-v-232111b4=\"data-v-232111b4\">Fonte: UOL              <\/p>\n<\/div>\n<p><br \/>\n<br \/><a href=\"https:\/\/diariodobrasilnoticias.com.br\/noticia\/bomba-diretor-da-astrazeneca-e-preso-na-china-672de00c1cce4\">Source link <\/a><\/p>","protected":false},"excerpt":{"rendered":"<p>A gigante farmac\u00eautica brit\u00e2nica AstraZeneca disse nesta quinta-feira (7) que o chefe de suas opera\u00e7\u00f5es na China foi detido no pa\u00eds, onde a empresa est\u00e1 sendo investigada por coleta de&hellip;<\/p>","protected":false},"author":1,"featured_media":56101,"comment_status":"closed","ping_status":"open","sticky":false,"template":"","format":"standard","meta":{"content-type":"","footnotes":""},"categories":[16],"tags":[123,2448,5313,1267],"class_list":["post-56100","post","type-post","status-publish","format-standard","has-post-thumbnail","hentry","category-noticias","tag-brasil","tag-diario","tag-noticia","tag-noticias"],"_links":{"self":[{"href":"https:\/\/tvbrazilusa.com\/pt\/wp-json\/wp\/v2\/posts\/56100","targetHints":{"allow":["GET"]}}],"collection":[{"href":"https:\/\/tvbrazilusa.com\/pt\/wp-json\/wp\/v2\/posts"}],"about":[{"href":"https:\/\/tvbrazilusa.com\/pt\/wp-json\/wp\/v2\/types\/post"}],"author":[{"embeddable":true,"href":"https:\/\/tvbrazilusa.com\/pt\/wp-json\/wp\/v2\/users\/1"}],"replies":[{"embeddable":true,"href":"https:\/\/tvbrazilusa.com\/pt\/wp-json\/wp\/v2\/comments?post=56100"}],"version-history":[{"count":1,"href":"https:\/\/tvbrazilusa.com\/pt\/wp-json\/wp\/v2\/posts\/56100\/revisions"}],"predecessor-version":[{"id":56102,"href":"https:\/\/tvbrazilusa.com\/pt\/wp-json\/wp\/v2\/posts\/56100\/revisions\/56102"}],"wp:featuredmedia":[{"embeddable":true,"href":"https:\/\/tvbrazilusa.com\/pt\/wp-json\/wp\/v2\/media\/56101"}],"wp:attachment":[{"href":"https:\/\/tvbrazilusa.com\/pt\/wp-json\/wp\/v2\/media?parent=56100"}],"wp:term":[{"taxonomy":"category","embeddable":true,"href":"https:\/\/tvbrazilusa.com\/pt\/wp-json\/wp\/v2\/categories?post=56100"},{"taxonomy":"post_tag","embeddable":true,"href":"https:\/\/tvbrazilusa.com\/pt\/wp-json\/wp\/v2\/tags?post=56100"}],"curies":[{"name":"wp","href":"https:\/\/api.w.org\/{rel}","templated":true}]}}