{"id":56106,"date":"2024-11-08T10:21:41","date_gmt":"2024-11-08T10:21:41","guid":{"rendered":"https:\/\/tvbrazilusa.com\/2024\/11\/08\/tcu-contrata-salao-com-servicos-de-barbearia-massagens-relaxantes-e-atendimento-personalizado\/"},"modified":"2024-11-08T10:21:43","modified_gmt":"2024-11-08T10:21:43","slug":"tcu-contrata-salao-com-servicos-de-barbearia-massagens-relaxantes-e-atendimento-personalizado","status":"publish","type":"post","link":"https:\/\/tvbrazilusa.com\/pt\/2024\/11\/08\/tcu-contrata-salao-com-servicos-de-barbearia-massagens-relaxantes-e-atendimento-personalizado\/","title":{"rendered":"TCU contrata sal\u00e3o com servi\u00e7os de barbearia, massagens relaxantes e atendimento personalizado."},"content":{"rendered":"<p> <script async src=\"https:\/\/pagead2.googlesyndication.com\/pagead\/js\/adsbygoogle.js?client=ca-pub-8864793242727901\"\r\n     crossorigin=\"anonymous\"><\/script><br \/>\n<\/p>\n<div>\n<figure class=\"post-image\">\n<\/figure>\n<p>            <span style=\"font-size: 12px\">O Tribunal de Contas da Uni\u00e3o (TCU), que \u00e9 presidido pelo ministro Bruno Dantas, liberou uma \u00e1rea de 86 m\u00b2 no mezanino da sede do tribunal em Bras\u00edlia para instalar um sal\u00e3o para ministros e servidores. O contrato com o novo sal\u00e3o de beleza do TCU estima que a barbearia possa faturar at\u00e9 R$127,7 mil por m\u00eas. O edital traz algumas peculiaridades, como estimativa de pre\u00e7o por servi\u00e7o e orienta\u00e7\u00f5es, como n\u00e3o abordar autoridades para tratar assuntos particulares. Tamb\u00e9m veta fofocas e \u201ccoment\u00e1rios desairosos\u201d.  Casa Grande e Senzala  Os empregados devem estar sempre nos trinques. Funcion\u00e1rio sem crach\u00e1, com uniforme sujo ou mal apresentado, tem at\u00e9 multa prevista.  \u00c9 uma m\u00e3e  A taxa de uso \u00e9 de R$2,8 mil, j\u00e1 inclusos \u00e1gua, luz, limpeza e seguran\u00e7a. Uma merreca para uma sala deste porte em \u00e1rea nobre concorrid\u00edssima.  Barba, cabelo e bigode  O edital prev\u00ea, entre outros servi\u00e7os, \u201cmassagem relaxante\u201d (R$115), cortes de cabelo (R$86,25) e at\u00e9 depila\u00e7\u00e3o \u00edntima do contorno (R$80,75).  D\u00e9cada de opul\u00eancia  O contrato para o SPA das excel\u00eancias foi assinado e j\u00e1 est\u00e1 de vento em popa. O servi\u00e7o est\u00e1 contratado at\u00e9 2029, podendo ir at\u00e9 2034.<\/span><\/p>\n<p>            <!-- end metas --><br \/>\n            <!-- ADS --><\/p>\n<div id=\"taboola-read-more\" style=\"display:block; width:100%\">\n<p>O Tribunal de Contas da Uni\u00e3o (TCU), que \u00e9 presidido pelo ministro Bruno Dantas, liberou uma \u00e1rea de 86 m\u00b2 no mezanino da sede do tribunal em Bras\u00edlia para instalar um sal\u00e3o para ministros e servidores. O contrato com o novo sal\u00e3o de beleza do TCU estima que a barbearia possa faturar at\u00e9 R$127,7 mil por m\u00eas. O edital traz algumas peculiaridades, como estimativa de pre\u00e7o por servi\u00e7o e orienta\u00e7\u00f5es, como n\u00e3o abordar autoridades para tratar assuntos particulares. Tamb\u00e9m veta fofocas e \u201ccoment\u00e1rios desairosos\u201d.\n<\/p>\n<p><strong>Casa Grande e Senzala<\/strong><\/p>\n<p>Os empregados devem estar sempre nos trinques. Funcion\u00e1rio sem crach\u00e1, com uniforme sujo ou mal apresentado, tem at\u00e9 multa prevista.\n<\/p>\n<p><strong>\u00c9 uma m\u00e3e<\/strong>\n<\/p>\n<p>A taxa de uso \u00e9 de R$2,8 mil, j\u00e1 inclusos \u00e1gua, luz, limpeza e seguran\u00e7a. Uma merreca para uma sala deste porte em \u00e1rea nobre concorrid\u00edssima.\n<\/p>\n<p><strong>Barba, cabelo e bigode<\/strong>\n<\/p>\n<p>O edital prev\u00ea, entre outros servi\u00e7os, \u201cmassagem relaxante\u201d (R$115), cortes de cabelo (R$86,25) e at\u00e9 depila\u00e7\u00e3o \u00edntima do contorno (R$80,75).\n<\/p>\n<p><strong>D\u00e9cada de opul\u00eancia<\/strong>\n<\/p>\n<p>O contrato para o SPA das excel\u00eancias foi assinado e j\u00e1 est\u00e1 de vento em popa. O servi\u00e7o est\u00e1 contratado at\u00e9 2029, podendo ir at\u00e9 2034.\n<\/p>\n<p>Fonte: Di\u00e1rio do Poder              <\/p>\n<\/div>\n<p>                        <!-- Scripts para conteudo --><\/p>\n<p>            <!-- .\/Scripts para conteudo --><br \/>\n            <!-- .\/Mat\u00e9ria --><\/p>\n<div class=\"row mt-3\">\n<div class=\"col-sm-6\">\n                <!-- Whatsapp channel 3--><br \/>\n                <a href=\"https:\/\/chat.whatsapp.com\/J6hwSKYns5B0XFowx2wZ0P\" target=\"_blank\" rel=\"noopener\"><br \/>\n                  <img decoding=\"async\" src=\"https:\/\/diariodobrasilnoticias.com.br\/assets-site\/images\/bot_whatsapp.png\"\/><\/a>\n              <\/div>\n<div class=\"col-sm-6\">\n                <a href=\"https:\/\/t.me\/+_4gTmi5LKo03OTM5\" target=\"_blank\" rel=\"noopener\"><br \/>\n                  <img decoding=\"async\" src=\"https:\/\/diariodobrasilnoticias.com.br\/assets-site\/images\/bot_telegram.png\"\/><\/a>\n              <\/div>\n<\/p><\/div>\n<p>            <!-- end post-navigation --><\/p>\n<p>              <!-- end row --><\/p>\n<p>              <!-- end col-12-->\n                      <\/div>\n<p><br \/>\n<br \/><a href=\"https:\/\/diariodobrasilnoticias.com.br\/noticia\/tcu-contrata-salao-com-servicos-de-barbearia-massagens-relaxantes-e-atendimento-personalizado-672de4d2be712\">Source link <\/a><\/p>","protected":false},"excerpt":{"rendered":"<p>O Tribunal de Contas da Uni\u00e3o (TCU), que \u00e9 presidido pelo ministro Bruno Dantas, liberou uma \u00e1rea de 86 m\u00b2 no mezanino da sede do tribunal em Bras\u00edlia para instalar&hellip;<\/p>","protected":false},"author":1,"featured_media":56107,"comment_status":"closed","ping_status":"open","sticky":false,"template":"","format":"standard","meta":{"content-type":"","footnotes":""},"categories":[16],"tags":[123,2448,5313,1267],"class_list":["post-56106","post","type-post","status-publish","format-standard","has-post-thumbnail","hentry","category-noticias","tag-brasil","tag-diario","tag-noticia","tag-noticias"],"_links":{"self":[{"href":"https:\/\/tvbrazilusa.com\/pt\/wp-json\/wp\/v2\/posts\/56106","targetHints":{"allow":["GET"]}}],"collection":[{"href":"https:\/\/tvbrazilusa.com\/pt\/wp-json\/wp\/v2\/posts"}],"about":[{"href":"https:\/\/tvbrazilusa.com\/pt\/wp-json\/wp\/v2\/types\/post"}],"author":[{"embeddable":true,"href":"https:\/\/tvbrazilusa.com\/pt\/wp-json\/wp\/v2\/users\/1"}],"replies":[{"embeddable":true,"href":"https:\/\/tvbrazilusa.com\/pt\/wp-json\/wp\/v2\/comments?post=56106"}],"version-history":[{"count":1,"href":"https:\/\/tvbrazilusa.com\/pt\/wp-json\/wp\/v2\/posts\/56106\/revisions"}],"predecessor-version":[{"id":56108,"href":"https:\/\/tvbrazilusa.com\/pt\/wp-json\/wp\/v2\/posts\/56106\/revisions\/56108"}],"wp:featuredmedia":[{"embeddable":true,"href":"https:\/\/tvbrazilusa.com\/pt\/wp-json\/wp\/v2\/media\/56107"}],"wp:attachment":[{"href":"https:\/\/tvbrazilusa.com\/pt\/wp-json\/wp\/v2\/media?parent=56106"}],"wp:term":[{"taxonomy":"category","embeddable":true,"href":"https:\/\/tvbrazilusa.com\/pt\/wp-json\/wp\/v2\/categories?post=56106"},{"taxonomy":"post_tag","embeddable":true,"href":"https:\/\/tvbrazilusa.com\/pt\/wp-json\/wp\/v2\/tags?post=56106"}],"curies":[{"name":"wp","href":"https:\/\/api.w.org\/{rel}","templated":true}]}}