{"id":56180,"date":"2024-11-08T13:55:41","date_gmt":"2024-11-08T13:55:41","guid":{"rendered":"https:\/\/tvbrazilusa.com\/2024\/11\/08\/bronny-james-e-designado-para-afiliado-do-lakers-na-g-league-antes-da-abertura-da-temporada\/"},"modified":"2024-11-08T13:59:58","modified_gmt":"2024-11-08T13:59:58","slug":"bronny-james-e-designado-para-afiliado-do-lakers-na-g-league-antes-da-abertura-da-temporada","status":"publish","type":"post","link":"https:\/\/tvbrazilusa.com\/pt\/2024\/11\/08\/bronny-james-e-designado-para-afiliado-do-lakers-na-g-league-antes-da-abertura-da-temporada\/","title":{"rendered":"Bronny James \u00e9 designado para afiliado do Lakers na G League antes da abertura da temporada"},"content":{"rendered":"<p> <script async src=\"https:\/\/pagead2.googlesyndication.com\/pagead\/js\/adsbygoogle.js?client=ca-pub-8864793242727901\"\r\n     crossorigin=\"anonymous\"><\/script><br \/>\n<\/p>\n<div id=\"\">\n<header class=\"m-article-header m-article-header--standard\">\n\t\t\t\t\t\t\t\t\t\t\t\t<span id=\"article-header-primary-term\"><br \/>\n\t\t\t\t\t\t\t\t<a class=\"a-term a-term--primary\" href=\"https:\/\/www.boston.com\/tag\/nba\/\"><\/p>\n<p>\t\t\t\t\t\t\t\tNBA\t\t\t\t\t\t\t\t<\/a><br \/>\n\t\t\t\t\t\t\t<\/span><\/p>\n<h2 class=\"m-article-header__sub-headline\">Bronny disputou tr\u00eas partidas pelo Lakers, marcando quatro pontos em 13 minutos combinados de a\u00e7\u00e3o.<\/h2>\n<figure class=\"a-photo m-article-header__photo\"><figcaption class=\"a-photo__caption\">\n<p>\tBronny James e LeBron James assistem do banco.<em> Foto AP \/ Sue Ogrocki<\/em>\t<\/figcaption><\/figure>\n<div class=\"m-article-header__meta\">\n<div class=\"m-article-header__byline\">\n<p class=\"m-article-header__author\">\n<p>\t\t\t\t\t\t\t\tPor Associated Press\t\t\t\t\t\t\t<\/p>\n<p>\t\t\t\t\t\t\t\t\t\t\t\t\t\t\t<time class=\"m-article-header__date\"><\/p>\n<p>\t\t\t\t\t\t\t\t\t8 de novembro de 2024 | 8h55\t\t\t\t\t\t\t\t<\/time><\/p><\/div>\n<\/p><\/div>\n<\/header>\n<p>EL SEGUNDO, Calif\u00f3rnia (AP) \u2013 Bronny James foi designado para o afiliado da G League do Los Angeles Lakers, colocando-o no elenco a tempo para a abertura da temporada do South Bay Lakers neste fim de semana.<\/p>\n<p>O Lakers anunciou a mudan\u00e7a na quinta-feira para James, filho de 20 anos de LeBron James.<\/p>\n<p>Bronny disputou tr\u00eas partidas pelo Lakers, marcando quatro pontos em 13 minutos combinados de a\u00e7\u00e3o. LeBron e Bronny fizeram <a href=\"https:\/\/www.boston.com\/tag\/nba\/\" target=\"_blank\" rel=\"noreferrer noopener\">NBA<\/a> hist\u00f3ria em 22 de outubro, quando se tornaram os primeiros pai e filho a jogar juntos durante a vit\u00f3ria do Lakers sobre o Minnesota na abertura da temporada.<\/p>\n<p>Bronny ent\u00e3o marcou sua primeira cesta da NBA para o Lakers em Cleveland, em 30 de outubro, na arena onde assistiu seu pai quando crian\u00e7a.<\/p>\n<p>Mas LeBron e o Lakers j\u00e1 disseram que Bronny passar\u00e1 bastante tempo nesta temporada com seu afiliado da G League enquanto trabalha em seu jogo.<\/p>\n<p>Bronny sobreviveu a uma parada card\u00edaca no ver\u00e3o de 2023 e jogou apenas moderadamente durante sua \u00fanica temporada de basquete universit\u00e1rio no sul da Calif\u00f3rnia antes de se declarar para o draft no ver\u00e3o passado. Los Angeles o escolheu no final do segundo turno.<\/p>\n<p>Os South Bay Lakers jogam em casa no complexo de treinamento dos Lakers em El Segundo. Eles recebem o Salt Lake City Stars na noite de s\u00e1bado.<\/p>\n<div class=\"m-block m-generic-cta\t m-generic-cta--post-content\t m-generic-cta--dark\t m-generic-cta--homepage\t m-generic-cta--email-signup\t\t m-generic-cta-block-style--default \tt-amp__generic-cta\"><\/p>\n<div class=\"m-generic-cta__wrap\">\n<div class=\"m-generic-cta__content\">\n<h3 class=\"m-generic-cta__title\">Receba as \u00faltimas not\u00edcias esportivas de Boston<\/h3>\n<p class=\"m-generic-cta__subtitle\">Receba atualiza\u00e7\u00f5es sobre seus times favoritos de Boston, direto da nossa reda\u00e7\u00e3o para sua caixa de entrada.<\/p>\n<\/p><\/div>\n<\/p><\/div>\n<\/div><\/div>\n<p><script>\n\t\tvar consent=\"grant\";\n\t\t\/* The above code is parsing the JSON data from the local storage and storing it in a variable. *\/\n\t\t\t\t\tconst onetrustStorageConsent = JSON.parse(localStorage.getItem( 'consent_one_trust_bdc' ) );\n\t\t\tif ( ( onetrustStorageConsent !== null ) ) \n\t\t\t\t\/* Checking to see if the user has consented to the use of cookies.\n\t\t\t\t* If they have not, it is deleting the cookie.\n\t\t\t\t* This will comment for now, until further notice.\n\t\t\t\t*\/\n\t\t\t\t\/\/if ( onetrustStorageConsent.C0002 === false ) \n\t\t\t\t\/\/\tdocument.cookie=\"_fbp=;expires=Thu, 01 Jan 2010 00:00:00 UTC; path=\/; domain=.boston.com\";\n\t\t\t\t\/\/\n\t\t\t\t\/* Checking if the user has given consent for the cookie C0002.\n\t\t\t\t* If the user has given consent, the variable consent will be set to 'grant'.\n\t\t\t\t* If the user has not given consent,the variable consent will be set to 'revoke'.\n\t\t\t\t* Documentation https:\/\/developers.facebook.com\/docs\/meta-pixel\/implementation\/gdpr\n\t\t\t\t*\/\n\t\t\t\tif ( onetrustStorageConsent.C0002 !== true ) \n\t\t\t\t\tconsent=\"revoke\";\n\t\t\t\t!function(f,b,e,v,n,t,s)\n\t\tif(f.fbq)return;n=f.fbq=function()n.callMethod?\n\t\tn.callMethod.apply(n,arguments):n.queue.push(arguments);\n\t\tif(!f._fbq)f._fbq=n;n.push=n;n.loaded=!0;n.version='2.0';\n\t\tn.queue=[];t=b.createElement(e);t.async=!0;\n\t\tt.src=v;s=b.getElementsByTagName(e)[0];\n\t\ts.parentNode.insertBefore(t,s)(window, document,'script',\n\t\t'https:\/\/connect.facebook.net\/en_US\/fbevents.js');\n\t\tfbq('consent', consent);\n\t\tfbq('init', '989222871864976');\n\t\tfbq('track', 'PageView');\n\t<\/script><script type=\"module\">\n\t\tvar consent=\"grant\";\n\t\t\/* The above code is parsing the JSON data from the local storage and storing it in a variable. *\/\n\t\t\tconst onetrustStorageConsent = JSON.parse(localStorage.getItem( 'consent_one_trust_bdc' ) );\n\t\t\t\/* Checking to see if the user has consented to the use of cookies.\n\t\t\t* If they have not, it is deleting the cookie.\n\t\t\t* This will comment for now, until further notice.\n\t\t\t*\/\n\t\t\t\/\/if ( onetrustStorageConsent.C0002 === false ) \n\t\t\t\/\/\tdocument.cookie=\"_fbp=;expires=Thu, 01 Jan 2010 00:00:00 UTC; path=\/; domain=.boston.com\";\n\t\t\t\/\/\n\t\t\t\/* Checking if the user has given consent for the cookie C0002.\n\t\t\t* If the user has given consent, the variable consent will be set to 'grant'.\n\t\t\t* If the user has not given consent,the variable consent will be set to 'revoke'.\n\t\t\t* Documentation https:\/\/developers.facebook.com\/docs\/meta-pixel\/implementation\/gdpr\n\t\t\t*\/\n\t\t\tif ( ( onetrustStorageConsent !== null ) && (onetrustStorageConsent.C0002 !== true ) ) \n\t\t\t\tconsent=\"revoke\";\n\t\t\t\t!function(f,b,e,v,n,t,s)if(f.fbq)return;n=f.fbq=function()\n\t\tn.callMethod? n.callMethod.apply(n,arguments):n.queue.push(arguments)\n\t\t;if(!f._fbq)f._fbq=n;\n\t\tn.push=n;n.loaded=!0;n.version='2.0';n.queue=[];t=b.createElement(e);t.async=!0;\n\t\tt.src=v;s=b.getElementsByTagName(e)[0];s.parentNode.insertBefore(t,s)(window,\n\t\tdocument,'script','https:\/\/connect.facebook.net\/en_US\/fbevents.js');\n\t\tfbq('consent', consent);\n\t\tfbq('init', '813236348753005');\n\t\tfbq('track', \"PageView\");\n\t<\/script><br \/>\n<br \/><br \/>\n<br \/><a href=\"https:\/\/www.boston.com\/sports\/nba\/2024\/11\/08\/bronny-lebron-james-lakers-g-league-nba\/\">Source link <\/a><\/p>","protected":false},"excerpt":{"rendered":"<p>NBA Bronny disputou tr\u00eas partidas pelo Lakers, marcando quatro pontos em 13 minutos combinados de a\u00e7\u00e3o. Bronny James e LeBron James assistem do banco. Foto AP \/ Sue Ogrocki Por&hellip;<\/p>","protected":false},"author":1,"featured_media":56181,"comment_status":"closed","ping_status":"open","sticky":false,"template":"","format":"standard","meta":{"content-type":"","footnotes":""},"categories":[1],"tags":[],"class_list":["post-56180","post","type-post","status-publish","format-standard","has-post-thumbnail","hentry","category-uncategorized"],"_links":{"self":[{"href":"https:\/\/tvbrazilusa.com\/pt\/wp-json\/wp\/v2\/posts\/56180","targetHints":{"allow":["GET"]}}],"collection":[{"href":"https:\/\/tvbrazilusa.com\/pt\/wp-json\/wp\/v2\/posts"}],"about":[{"href":"https:\/\/tvbrazilusa.com\/pt\/wp-json\/wp\/v2\/types\/post"}],"author":[{"embeddable":true,"href":"https:\/\/tvbrazilusa.com\/pt\/wp-json\/wp\/v2\/users\/1"}],"replies":[{"embeddable":true,"href":"https:\/\/tvbrazilusa.com\/pt\/wp-json\/wp\/v2\/comments?post=56180"}],"version-history":[{"count":1,"href":"https:\/\/tvbrazilusa.com\/pt\/wp-json\/wp\/v2\/posts\/56180\/revisions"}],"predecessor-version":[{"id":56182,"href":"https:\/\/tvbrazilusa.com\/pt\/wp-json\/wp\/v2\/posts\/56180\/revisions\/56182"}],"wp:featuredmedia":[{"embeddable":true,"href":"https:\/\/tvbrazilusa.com\/pt\/wp-json\/wp\/v2\/media\/56181"}],"wp:attachment":[{"href":"https:\/\/tvbrazilusa.com\/pt\/wp-json\/wp\/v2\/media?parent=56180"}],"wp:term":[{"taxonomy":"category","embeddable":true,"href":"https:\/\/tvbrazilusa.com\/pt\/wp-json\/wp\/v2\/categories?post=56180"},{"taxonomy":"post_tag","embeddable":true,"href":"https:\/\/tvbrazilusa.com\/pt\/wp-json\/wp\/v2\/tags?post=56180"}],"curies":[{"name":"wp","href":"https:\/\/api.w.org\/{rel}","templated":true}]}}