{"id":56223,"date":"2024-11-08T15:17:11","date_gmt":"2024-11-08T15:17:11","guid":{"rendered":"https:\/\/tvbrazilusa.com\/2024\/11\/08\/a-ma-fase-atual-do-real-madrid-pode-levar-florentino-perez-a-buscar-novas-contratacoes\/"},"modified":"2024-11-08T15:17:12","modified_gmt":"2024-11-08T15:17:12","slug":"a-ma-fase-atual-do-real-madrid-pode-levar-florentino-perez-a-buscar-novas-contratacoes","status":"publish","type":"post","link":"https:\/\/tvbrazilusa.com\/pt\/2024\/11\/08\/a-ma-fase-atual-do-real-madrid-pode-levar-florentino-perez-a-buscar-novas-contratacoes\/","title":{"rendered":"A m\u00e1 fase atual do Real Madrid pode levar Florentino P\u00e9rez a buscar novas contrata\u00e7\u00f5es"},"content":{"rendered":"<p> <script async src=\"https:\/\/pagead2.googlesyndication.com\/pagead\/js\/adsbygoogle.js?client=ca-pub-8864793242727901\"\r\n     crossorigin=\"anonymous\"><\/script><br \/>\n<\/p>\n<div id=\"taboola-read-more\" style=\"display:block; width:100%\">\n<p>O Real Madrid enfrenta um momento delicado em sua trajet\u00f3ria esportiva, com uma s\u00e9rie de desempenhos abaixo do esperado tanto na La Liga quanto na Liga dos Campe\u00f5es. O clube, historicamente conhecido por seu dom\u00ednio no futebol europeu, busca respostas r\u00e1pidas para retomar o caminho das vit\u00f3rias. A derrota recente no cl\u00e1ssico contra o Barcelona e o trope\u00e7o diante do AC Milan evidenciam a necessidade urgente de ajustes.\n<\/p>\n<p>A diretoria do clube espanhol, ciente das defici\u00eancias no elenco, planeja realizar contrata\u00e7\u00f5es estrat\u00e9gicas j\u00e1 na pr\u00f3xima janela de transfer\u00eancias em janeiro. A prioridade \u00e9 o fortalecimento da defesa, uma \u00e1rea que se mostrou vulner\u00e1vel em partidas cruciais, resultando em gols de bola parada e contra-ataques fatais. Essa abordagem pretende n\u00e3o apenas melhorar o desempenho em campo, mas tamb\u00e9m restabelecer a confian\u00e7a da equipe e dos torcedores.<\/p>\n<p><strong>Quais refor\u00e7os o Real Madrid cogita investir?<\/strong><br \/>A busca por refor\u00e7os est\u00e1 centrada em duas posi\u00e7\u00f5es cr\u00edticas: a lateral-direita e a zaga. A aus\u00eancia de Dani Carvajal devido a les\u00e3o deixou Lucas V\u00e1zquez como \u00fanica op\u00e7\u00e3o natural na lateral-direita, contrastando com as expectativas de um clube de elite como o Real Madrid. Para preencher essa lacuna, a dire\u00e7\u00e3o do clube est\u00e1 de olho em potenciais candidatos, sendo Trent Alexander-Arnold do Liverpool um nome desejado, apesar das dificuldades que envolvem a sua contrata\u00e7\u00e3o.\n<\/p>\n<p>Outra posi\u00e7\u00e3o em foco \u00e9 a zaga, especialmente ap\u00f3s as les\u00f5es de Eder Milit\u00e3o e David Alaba. Castello Lukeba, atualmente no RB Leipzig, surge como uma op\u00e7\u00e3o promissora. Sua juventude e potencial de evolu\u00e7\u00e3o fazem dele um alvo atraente para compor a defesa merengue, oferecendo maior solidez e op\u00e7\u00f5es ao treinador.\n<\/p>\n<p><strong>A vis\u00e3o do treinador sobre a atual fase do Real Madrid<\/strong><br \/>O t\u00e9cnico do Real Madrid, conhecido por seu pragmatismo e experi\u00eancia, reconhece que a equipe enfrenta um desgaste mental significativo, o que tem impactado diretamente o desempenho em campo. Em suas declara\u00e7\u00f5es mais recentes, ele enfatizou que o problema \u00e9, sobretudo, coletivo e n\u00e3o se resume a falhas individuais.\n<\/p>\n<ul>\n<li>Desempenho mental dos jogadores<\/li>\n<li>Recupera\u00e7\u00e3o de ritmo e confian\u00e7a<\/li>\n<li>Planejamento t\u00e1tico para futuros jogos<\/li>\n<\/ul>\n<p>O treinador continua a trabalhar para reverter esse cen\u00e1rio, ajustando estrat\u00e9gias e motivando o elenco a superar essa fase adversa. O tempo \u00e9 crucial, e o Real Madrid precisa rapidamente encontrar solu\u00e7\u00f5es para retornar ao seu n\u00edvel habitual de competi\u00e7\u00e3o.\n<\/p>\n<p><strong>Impacto no elenco e poss\u00edveis sa\u00eddas<\/strong><br \/>Al\u00e9m das chegadas, especula-se tamb\u00e9m sobre poss\u00edveis sa\u00eddas de jogadores importantes. Rodrygo, Vini Jr. e at\u00e9 Mbapp\u00e9 t\u00eam sido alvos de rumores de transfer\u00eancias, o que pode afetar a din\u00e2mica interna do time. A situa\u00e7\u00e3o atual exige decis\u00f5es acertadas para equilibrar a equipe e garantir sua competitividade em todos os torneios disputados.\n<\/p>\n<p>O presidente do clube, Florentino P\u00e9rez, junto \u00e0 diretoria, enfrenta o desafio de manter o equil\u00edbrio nas finan\u00e7as e nas expectativas, buscando refor\u00e7os que realmente fa\u00e7am a diferen\u00e7a sem causar desequil\u00edbrio financeiro. A gest\u00e3o cuidadosa deste processo ser\u00e1 fundamental para o sucesso do Real Madrid tanto no presente quanto no futuro.              <\/p>\n<\/div>\n<p><br \/>\n<br \/><a href=\"https:\/\/diariodobrasilnoticias.com.br\/noticia\/a-ma-fase-atual-do-real-madrid-pode-levar-florentino-perez-a-buscar-novas-contratacoes-672e0a2c4999e\">Source link <\/a><\/p>","protected":false},"excerpt":{"rendered":"<p>O Real Madrid enfrenta um momento delicado em sua trajet\u00f3ria esportiva, com uma s\u00e9rie de desempenhos abaixo do esperado tanto na La Liga quanto na Liga dos Campe\u00f5es. O clube,&hellip;<\/p>","protected":false},"author":1,"featured_media":56224,"comment_status":"closed","ping_status":"open","sticky":false,"template":"","format":"standard","meta":{"content-type":"","footnotes":""},"categories":[16],"tags":[123,2448,5313,1267],"class_list":["post-56223","post","type-post","status-publish","format-standard","has-post-thumbnail","hentry","category-noticias","tag-brasil","tag-diario","tag-noticia","tag-noticias"],"_links":{"self":[{"href":"https:\/\/tvbrazilusa.com\/pt\/wp-json\/wp\/v2\/posts\/56223","targetHints":{"allow":["GET"]}}],"collection":[{"href":"https:\/\/tvbrazilusa.com\/pt\/wp-json\/wp\/v2\/posts"}],"about":[{"href":"https:\/\/tvbrazilusa.com\/pt\/wp-json\/wp\/v2\/types\/post"}],"author":[{"embeddable":true,"href":"https:\/\/tvbrazilusa.com\/pt\/wp-json\/wp\/v2\/users\/1"}],"replies":[{"embeddable":true,"href":"https:\/\/tvbrazilusa.com\/pt\/wp-json\/wp\/v2\/comments?post=56223"}],"version-history":[{"count":1,"href":"https:\/\/tvbrazilusa.com\/pt\/wp-json\/wp\/v2\/posts\/56223\/revisions"}],"predecessor-version":[{"id":56225,"href":"https:\/\/tvbrazilusa.com\/pt\/wp-json\/wp\/v2\/posts\/56223\/revisions\/56225"}],"wp:featuredmedia":[{"embeddable":true,"href":"https:\/\/tvbrazilusa.com\/pt\/wp-json\/wp\/v2\/media\/56224"}],"wp:attachment":[{"href":"https:\/\/tvbrazilusa.com\/pt\/wp-json\/wp\/v2\/media?parent=56223"}],"wp:term":[{"taxonomy":"category","embeddable":true,"href":"https:\/\/tvbrazilusa.com\/pt\/wp-json\/wp\/v2\/categories?post=56223"},{"taxonomy":"post_tag","embeddable":true,"href":"https:\/\/tvbrazilusa.com\/pt\/wp-json\/wp\/v2\/tags?post=56223"}],"curies":[{"name":"wp","href":"https:\/\/api.w.org\/{rel}","templated":true}]}}