{"id":56229,"date":"2024-11-08T15:30:07","date_gmt":"2024-11-08T15:30:07","guid":{"rendered":"https:\/\/tvbrazilusa.com\/2024\/11\/08\/carol-de-toni-espera-aval-de-bolsonaro-para-concorrer-ao-senado\/"},"modified":"2024-11-08T15:30:09","modified_gmt":"2024-11-08T15:30:09","slug":"carol-de-toni-espera-aval-de-bolsonaro-para-concorrer-ao-senado","status":"publish","type":"post","link":"https:\/\/tvbrazilusa.com\/pt\/2024\/11\/08\/carol-de-toni-espera-aval-de-bolsonaro-para-concorrer-ao-senado\/","title":{"rendered":"Carol de Toni espera aval de Bolsonaro para concorrer ao Senado"},"content":{"rendered":"<p> <script async src=\"https:\/\/pagead2.googlesyndication.com\/pagead\/js\/adsbygoogle.js?client=ca-pub-8864793242727901\"\r\n     crossorigin=\"anonymous\"><\/script><br \/>\n<\/p>\n<div id=\"taboola-read-more\" style=\"display:block; width:100%\">\n<p>A deputada federal Carol de Toni (PL-SC), atual presidente da Comiss\u00e3o de Constitui\u00e7\u00e3o e Justi\u00e7a (CCJ) da C\u00e2mara dos Deputados, afirmou que pretende disputar uma vaga para o Senado em 2026. Ela, no entanto, tem dito que a decis\u00e3o depende do apoio do ex-presidente Jair Bolsonaro, al\u00e9m do governador de Santa Catarina, Jorginho Mello, ambos do seu partido.<\/p>\n<p>Em entrevista \u00e0 Revista Oeste, Carol comentou: \u201cQuem vai definir os candidatos ser\u00e1 o presidente Bolsonaro e o governador Jorginho Mello\u201d.<\/p>\n<p>Com \u201cmuita vontade\u201d de concorrer, Carol v\u00ea a possibilidade de que ao menos uma das duas vagas ao Senado em 2026 seja destinada a um representante bolsonarista e afirmou: \u201cEu sou candidata\u201d. A parlamentar disse, no entanto, que ainda est\u00e1 focada em sua campanha para reelei\u00e7\u00e3o na C\u00e2mara, mas analisa que, estrategicamente, uma candidatura ao Senado seria \u201cmelhor\u201d, sem pressa para lan\u00e7ar-se oficialmente: \u201cEstou indo devagar, tentando conquistar com o meu trabalho essa vaga\u201d.<\/p>\n<p>\u201cEu sigo aqui, \u00e0 disposi\u00e7\u00e3o do nosso capit\u00e3o, com o mesmo compromisso de continuar trabalhando por Santa Catarina e pelo Brasil\u201d, externou.<\/p>\n<p>\u201cUma das vagas com certeza vai ficar para a ala bolsonarista, e eu sou candidata. S\u00f3 tenho que ter aprova\u00e7\u00e3o do presidente Bolsonaro e do governador, mas eu estou trabalhando com muita humildade, porque estou em campanha para deputada federal\u201d, pontuou.\n<\/p>\n<p>Carol de Toni analisou, no entanto, que seria \u201cmelhor\u201d sair candidata ao Senado, mas que est\u00e1 buscando a abertura aos poucos. \u201cMuitas se lan\u00e7am para o Senado, queimam a largada e depois tem que voltar para ser deputado, mas j\u00e1 n\u00e3o t\u00eam mais dobradinha ou espa\u00e7o. Ent\u00e3o, estou indo devagar, tentando conquistar com o meu trabalho essa vaga\u201d, acrescentou.<\/p>\n<p>Carol de Toni recebe apoio <br \/>Pelo Instagram, o senador Jorge Seif (PL-SC) disse que, dos \u201c\u00f3timos nomes\u201d dispon\u00edveis para a corrida \u00e0 Casa Alta em 2026 em Santa Catarina, Carol de Toni \u00e9 \u201cum dos melhores\u201d.\n<\/p>\n<p>\u201cPor meritocracia\u201d, afirmou o primeiro-vice l\u00edder da bancada no Senado. \u201cDuas vezes a mais votada para federal, elegante, competente, inteligente, aguerrida, dedicada. N\u00e3o faltam predicados. Conte com meu voto nas internas. E j\u00e1 me posicionei diversas vezes para nossas lideran\u00e7as sobre isso. Uma vaga por m\u00e9rito e compet\u00eancia.\u201d<\/p>\n<p>Fonte: Revista Oeste              <\/p>\n<\/div>\n<p><br \/>\n<br \/><a href=\"https:\/\/diariodobrasilnoticias.com.br\/noticia\/carol-de-toni-espera-aval-de-bolsonaro-para-concorrer-ao-senado-672e1b124fe57\">Source link <\/a><\/p>","protected":false},"excerpt":{"rendered":"<p>A deputada federal Carol de Toni (PL-SC), atual presidente da Comiss\u00e3o de Constitui\u00e7\u00e3o e Justi\u00e7a (CCJ) da C\u00e2mara dos Deputados, afirmou que pretende disputar uma vaga para o Senado em&hellip;<\/p>","protected":false},"author":1,"featured_media":56230,"comment_status":"closed","ping_status":"open","sticky":false,"template":"","format":"standard","meta":{"content-type":"","footnotes":""},"categories":[16],"tags":[123,2448,5313,1267],"class_list":["post-56229","post","type-post","status-publish","format-standard","has-post-thumbnail","hentry","category-noticias","tag-brasil","tag-diario","tag-noticia","tag-noticias"],"_links":{"self":[{"href":"https:\/\/tvbrazilusa.com\/pt\/wp-json\/wp\/v2\/posts\/56229","targetHints":{"allow":["GET"]}}],"collection":[{"href":"https:\/\/tvbrazilusa.com\/pt\/wp-json\/wp\/v2\/posts"}],"about":[{"href":"https:\/\/tvbrazilusa.com\/pt\/wp-json\/wp\/v2\/types\/post"}],"author":[{"embeddable":true,"href":"https:\/\/tvbrazilusa.com\/pt\/wp-json\/wp\/v2\/users\/1"}],"replies":[{"embeddable":true,"href":"https:\/\/tvbrazilusa.com\/pt\/wp-json\/wp\/v2\/comments?post=56229"}],"version-history":[{"count":1,"href":"https:\/\/tvbrazilusa.com\/pt\/wp-json\/wp\/v2\/posts\/56229\/revisions"}],"predecessor-version":[{"id":56231,"href":"https:\/\/tvbrazilusa.com\/pt\/wp-json\/wp\/v2\/posts\/56229\/revisions\/56231"}],"wp:featuredmedia":[{"embeddable":true,"href":"https:\/\/tvbrazilusa.com\/pt\/wp-json\/wp\/v2\/media\/56230"}],"wp:attachment":[{"href":"https:\/\/tvbrazilusa.com\/pt\/wp-json\/wp\/v2\/media?parent=56229"}],"wp:term":[{"taxonomy":"category","embeddable":true,"href":"https:\/\/tvbrazilusa.com\/pt\/wp-json\/wp\/v2\/categories?post=56229"},{"taxonomy":"post_tag","embeddable":true,"href":"https:\/\/tvbrazilusa.com\/pt\/wp-json\/wp\/v2\/tags?post=56229"}],"curies":[{"name":"wp","href":"https:\/\/api.w.org\/{rel}","templated":true}]}}