{"id":56244,"date":"2024-11-08T15:43:15","date_gmt":"2024-11-08T15:43:15","guid":{"rendered":"https:\/\/tvbrazilusa.com\/2024\/11\/08\/healey-diz-que-massachusetts-nao-cooperara-com-deportacoes-em-massa\/"},"modified":"2024-11-08T15:51:50","modified_gmt":"2024-11-08T15:51:50","slug":"healey-diz-que-massachusetts-nao-cooperara-com-deportacoes-em-massa","status":"publish","type":"post","link":"https:\/\/tvbrazilusa.com\/pt\/2024\/11\/08\/healey-diz-que-massachusetts-nao-cooperara-com-deportacoes-em-massa\/","title":{"rendered":"Healey diz que Massachusetts n\u00e3o cooperar\u00e1 com deporta\u00e7\u00f5es em massa"},"content":{"rendered":"<p> <script async src=\"https:\/\/pagead2.googlesyndication.com\/pagead\/js\/adsbygoogle.js?client=ca-pub-8864793242727901\"\r\n     crossorigin=\"anonymous\"><\/script><br \/>\n<\/p>\n<div id=\"\">\n<header class=\"m-article-header m-article-header--standard\">\n\t\t\t\t\t\t\t\t\t\t\t\t<span id=\"article-header-primary-term\"><br \/>\n\t\t\t\t\t\t\t\t<a class=\"a-term a-term--primary\" href=\"https:\/\/www.boston.com\/tag\/politics\/\"><\/p>\n<p>\t\t\t\t\t\t\t\tPol\u00edtica\t\t\t\t\t\t\t\t<\/a><br \/>\n\t\t\t\t\t\t\t<\/span><\/p>\n<h2 class=\"m-article-header__sub-headline\">A governadora Maura Healey disse que a Pol\u00edcia Estadual n\u00e3o seria usada para deportar migrantes e prometeu usar &#8220;todas as ferramentas da caixa de ferramentas&#8221; para se opor \u00e0 pr\u00f3xima administra\u00e7\u00e3o Trump.<\/h2>\n<figure class=\"a-photo m-article-header__photo\"><figcaption class=\"a-photo__caption\">\n<p>\tA governadora Maura Healey responde a uma pergunta final antes de sair de uma coletiva de imprensa esta semana.  <em> Pat Greenhouse\/The Boston Globe<\/em>\t<\/figcaption><\/figure>\n<\/header>\n<p>Governador de Massachusetts <a href=\"https:\/\/www.boston.com\/tag\/maura-healey\/\">Maura Healey<\/a> disse esta semana que a sua administra\u00e7\u00e3o n\u00e3o cooperaria com as autoridades federais que pretendem realizar deporta\u00e7\u00f5es em massa de imigrantes indocumentados, uma vez que o presidente eleito <a href=\"https:\/\/www.boston.com\/tag\/donald-trump\/\">Donald Trump<\/a> toma posse. <\/p>\n<p>Trump prometeu supervisionar o \u201cmaior esfor\u00e7o de deporta\u00e7\u00e3o na hist\u00f3ria americana\u201d, algo que envolveria prender at\u00e9 13 milh\u00f5es de pessoas em todo o pa\u00eds e custaria pelo menos um valor estimado. <a href=\"https:\/\/www.americanimmigrationcouncil.org\/research\/mass-deportation\">US$ 315 bilh\u00f5es<\/a>de acordo com o Conselho Americano de Imigra\u00e7\u00e3o. Quando questionado recentemente sobre o custo de uma opera\u00e7\u00e3o de deporta\u00e7\u00e3o nessa escala, Trump disse que \u201c<a href=\"https:\/\/www.nbcnews.com\/politics\/2024-election\/trump-says-no-price-tag-mass-deportation-plan-rcna179178\">n\u00e3o h\u00e1 etiqueta de pre\u00e7o<\/a>.\u201d<\/p>\n<p>Numa entrevista \u00e0 MSNBC na quarta-feira, Healey foi questionado se a Pol\u00edcia do Estado de Massachusetts cooperaria com a administra\u00e7\u00e3o Trump se solicitasse a ajuda da ag\u00eancia nos esfor\u00e7os de deporta\u00e7\u00e3o. <\/p>\n<p>\u201cAbsolutamente n\u00e3o\u201d, disse Healey. A situa\u00e7\u00e3o \u201cnos tribunais\u201d \u00e9 muito diferente em 2024 do que era em 2016, acrescentou. Embora o lit\u00edgio contra a administra\u00e7\u00e3o Trump ainda esteja em discuss\u00e3o, Healey disse que apoiaria outras formas de resist\u00eancia. Isto poderia incluir o uso da autoridade reguladora do estado, dos seus poderes executivos e da legisla\u00e7\u00e3o estadual. <\/p>\n<p>\u201cH\u00e1 muitas outras maneiras pelas quais as pessoas v\u00e3o agir, e precisam agir, pelo bem de seus estados e de seus residentes\u201d, disse Healey. \u201cTodas as ferramentas da caixa de ferramentas t\u00eam de ser utilizadas para proteger os nossos cidad\u00e3os, para proteger os nossos residentes e para proteger os nossos estados, e certamente para manter a linha da democracia e do Estado de direito.\u201d<\/p>\n<figure class=\"wp-block-embed is-type-rich is-provider-twitter wp-block-embed-twitter\">\n<div class=\"wp-block-embed__wrapper\">\n<blockquote class=\"twitter-tweet\" data-width=\"500\" data-dnt=\"true\">\n<p lang=\"en\" dir=\"ltr\">O governador de Massachusetts, Healey, esteve ontem no MSNBC e quando questionado se a administra\u00e7\u00e3o Trump solicitaria que a Pol\u00edcia do Estado de Massachusetts ajudaria nas deporta\u00e7\u00f5es em massa, Healey respondeu inflexivelmente: \u201cN\u00e3o. Absolutamente n\u00e3o. <a href=\"https:\/\/t.co\/GHK9K8PbNf\">pic.twitter.com\/GHK9K8PbNf<\/a><\/p>\n<p>\u2013 Rep\u00f3rter de Fall River (@FallRiverReport) <a href=\"https:\/\/twitter.com\/FallRiverReport\/status\/1854576417532502287?ref_src=twsrc%5Etfw\">7 de novembro de 2024<\/a><\/p><\/blockquote>\n<\/div>\n<\/figure>\n<p>Trump chegou \u00e0 vit\u00f3ria esta semana gra\u00e7as a <a href=\"https:\/\/www.politico.com\/news\/2024\/10\/12\/trump-racist-rhetoric-immigrants-00183537\">ret\u00f3rica desumanizante<\/a> visa repetidamente os imigrantes indocumentados, que, segundo ele, est\u00e3o a arruinar o \u201ctecido\u201d do pa\u00eds. Os EUA nunca deportaram mais de meio milh\u00e3o de imigrantes por ano, muito menos 13 milh\u00f5es. <\/p>\n<p>Uma opera\u00e7\u00e3o nesta escala exigiria a utiliza\u00e7\u00e3o de centros de deten\u00e7\u00e3o e campos tempor\u00e1rios. Para colocar isto em contexto, investigadores do Conselho Americano de Imigra\u00e7\u00e3o apontaram num relat\u00f3rio recente que toda a popula\u00e7\u00e3o carcer\u00e1ria e carcer\u00e1ria dos EUA em 2022 era de 1,9 milh\u00f5es de pessoas. <\/p>\n<p>Fazer cumprir a lei federal de imigra\u00e7\u00e3o \u201cn\u00e3o \u00e9 uma miss\u00e3o da Pol\u00edcia Estadual de Massachusetts\u201d, disse um porta-voz <a href=\"https:\/\/www.bostonglobe.com\/2024\/11\/07\/metro\/healey-says-administration-will-protect-undocumented-immigrants\/\"><em>O Globo de Boston<\/em><\/a>  essa semana. Na verdade, uma decis\u00e3o judicial pro\u00edbe os soldados de participarem de opera\u00e7\u00f5es de fiscaliza\u00e7\u00e3o que dependam apenas de solicita\u00e7\u00f5es federais de deten\u00e7\u00e3o de imigra\u00e7\u00e3o e n\u00e3o de alega\u00e7\u00f5es de crimes reais cometidos, acrescentou o porta-voz. <\/p>\n<p>Enquanto Massachusetts lutava para abrigar um grande fluxo de migrantes no ano passado, Healey apelou repetidamente aos legisladores em Washington para que tomassem medidas. <\/p>\n<p>\u201cN\u00e3o tenho a certeza do que a administra\u00e7\u00e3o Trump est\u00e1 a planear em termos das suas a\u00e7\u00f5es em rela\u00e7\u00e3o \u00e0 imigra\u00e7\u00e3o, deporta\u00e7\u00f5es e coisas do g\u00e9nero\u201d, disse ela numa confer\u00eancia de imprensa n\u00e3o relacionada na sexta-feira. \u201cEspero realmente que a nova administra\u00e7\u00e3o trabalhe para proteger a fronteira e aprove uma lei com o novo Congresso que ir\u00e1 realmente cuidar desta quest\u00e3o\u2026 que tem estado a agravar-se h\u00e1 demasiado tempo.\u201d<\/p>\n<p>Como procuradora-geral do estado durante o primeiro mandato de Trump, Healey aumentou seu perfil pol\u00edtico ao <a href=\"https:\/\/www.bostonglobe.com\/2022\/08\/14\/metro\/under-maura-healey-attorney-generals-office-sued-trump-administration-nearly-100-times-most-time-she-prevailed\/\">processando repetidamente<\/a> sua administra\u00e7\u00e3o. No final das contas, ela ajudou a abrir 96 a\u00e7\u00f5es judiciais, mais do que todos os outros procuradores-gerais, exceto tr\u00eas. Healey venceu cerca de 77% desses casos. <\/p>\n<p>Mas, como disse Healey esta semana, o lit\u00edgio em si pode n\u00e3o ser suficiente desta vez. Os democratas de todo o pa\u00eds est\u00e3o<a href=\"https:\/\/www.nytimes.com\/2024\/11\/07\/us\/newsom-trump-california.html\"> j\u00e1 se preparando<\/a> para o dia em que Trump tomar posse. O governador Gavin Newsom, da Calif\u00f3rnia, convocou legisladores estaduais para uma sess\u00e3o especial no pr\u00f3ximo m\u00eas para discutir maneiras de se opor \u00e0 nova administra\u00e7\u00e3o Trump em uma s\u00e9rie de quest\u00f5es. <\/p>\n<p>\u201cVoc\u00ea vem pelo meu povo, voc\u00ea vem atrav\u00e9s de mim\u201d, governador JB Pritzker de <a href=\"https:\/\/abc7chicago.com\/post\/gov-jb-pritzker-promises-defend-illinois-donald-trump-presidency-threatens-opportunities-state\/15524325\/\">Illinois <\/a>declarou em entrevista coletiva. Bob Ferguson, governador eleito de <a href=\"https:\/\/www.kuow.org\/stories\/washington-governor-elect-ferguson-lays-out-plan-ahead-of-second-donald-trump-administration\">Washington<\/a>disse que sua equipe estava se preparando para defender os direitos b\u00e1sicos dos moradores de l\u00e1. Muitos democratas de destaque disseram que supervisionam planos de conting\u00eancia para uma vit\u00f3ria de Trump muito antes do dia das elei\u00e7\u00f5es. <\/p>\n<p>Healey segurou um <a href=\"https:\/\/www.youtube.com\/watch?v=7ti5lPY_TVc\">confer\u00eancia de imprensa<\/a> na quarta-feira, dizendo aos rep\u00f3rteres que Massachusetts est\u00e1 pronto para ser governador de todos os residentes, independentemente de como eles votaram nas elei\u00e7\u00f5es presidenciais. Ela tamb\u00e9m enfatizou que o estado est\u00e1 pronto para ser um l\u00edder nacional. <\/p>\n<p>\u201cEste nosso grande pa\u00eds \u00e9 maior do que qualquer pessoa sozinha. Todos temos um papel a desempenhar na constru\u00e7\u00e3o do tipo de comunidade, estado e pa\u00eds que queremos ser e que queremos para os nossos filhos. Portanto, cabe a todos n\u00f3s tra\u00e7ar o caminho a seguir\u201d, disse ela. \u201cIsto \u00e9 Massachusetts, fazemos isso h\u00e1 quase 250 anos. As pessoas v\u00e3o contar com a nossa lideran\u00e7a, e \u00e9 isso que eu, o vice-governador, e toda a nossa administra\u00e7\u00e3o estamos prontos para fazer.\u201d<\/p>\n<div class=\"m-block m-generic-cta\t m-generic-cta--post-content\t m-generic-cta--dark\t m-generic-cta--homepage\t m-generic-cta--email-signup\t\t m-generic-cta-block-style--default \tt-amp__generic-cta\"><\/p>\n<div class=\"m-generic-cta__wrap\">\n<div class=\"m-generic-cta__content\">\n<h3 class=\"m-generic-cta__title\">Boston.com hoje<\/h3>\n<p class=\"m-generic-cta__subtitle\">Inscreva-se para receber as \u00faltimas manchetes em sua caixa de entrada todas as manh\u00e3s.<\/p>\n<\/p><\/div>\n<\/p><\/div>\n<\/div>\n<div class=\"o-author-single no-avatar\">\n<header class=\"m-author-card\">\n<div class=\"m-author-card__text\">\n<h3 class=\"m-author-card__title\"><a href=\"https:\/\/www.boston.com\/author\/ross.cristantiello\">Ross Cristantiello<\/a><\/h3>\n<p><span class=\"m-author-card__subtitle\">Redator da equipe<\/span>\t<\/div>\n<\/header>\n<section class=\"author-info\">\n<hr class=\"m-author__section--hr\"\/>\n<div class=\"m-author__section\">\n<p>Ross Cristantiello, rep\u00f3rter de not\u00edcias gerais do Boston.com desde 2022, cobre pol\u00edtica local, crime, meio ambiente e muito mais.<\/p>\n<\/div>\n<hr class=\"m-author__section--hr\"\/>\t<\/section>\n<\/div><\/div>\n<p><script async src=\"\/\/platform.twitter.com\/widgets.js\" charset=\"utf-8\"><\/script><script>\n\t\tvar consent=\"grant\";\n\t\t\/* The above code is parsing the JSON data from the local storage and storing it in a variable. *\/\n\t\t\t\t\tconst onetrustStorageConsent = JSON.parse(localStorage.getItem( 'consent_one_trust_bdc' ) );\n\t\t\tif ( ( onetrustStorageConsent !== null ) ) {\n\t\t\t\t\/* Checking to see if the user has consented to the use of cookies.\n\t\t\t\t* If they have not, it is deleting the cookie.\n\t\t\t\t* This will comment for now, until further notice.\n\t\t\t\t*\/\n\t\t\t\t\/\/if ( onetrustStorageConsent.C0002 === false ) {\n\t\t\t\t\/\/\tdocument.cookie=\"_fbp=;expires=Thu, 01 Jan 2010 00:00:00 UTC; path=\/; domain=.boston.com\";\n\t\t\t\t\/\/}\n\t\t\t\t\/* Checking if the user has given consent for the cookie C0002.\n\t\t\t\t* If the user has given consent, the variable consent will be set to 'grant'.\n\t\t\t\t* If the user has not given consent,the variable consent will be set to 'revoke'.\n\t\t\t\t* Documentation https:\/\/developers.facebook.com\/docs\/meta-pixel\/implementation\/gdpr\n\t\t\t\t*\/\n\t\t\t\tif ( onetrustStorageConsent.C0002 !== true ) {\n\t\t\t\t\tconsent=\"revoke\";\n\t\t\t\t}\n\t\t\t}\n\t\t\t\t!function(f,b,e,v,n,t,s)\n\t\t{if(f.fbq)return;n=f.fbq=function(){n.callMethod?\n\t\tn.callMethod.apply(n,arguments):n.queue.push(arguments)};\n\t\tif(!f._fbq)f._fbq=n;n.push=n;n.loaded=!0;n.version='2.0';\n\t\tn.queue=[];t=b.createElement(e);t.async=!0;\n\t\tt.src=v;s=b.getElementsByTagName(e)[0];\n\t\ts.parentNode.insertBefore(t,s)}(window, document,'script',\n\t\t'https:\/\/connect.facebook.net\/en_US\/fbevents.js');\n\t\tfbq('consent', consent);\n\t\tfbq('init', '989222871864976');\n\t\tfbq('track', 'PageView');\n\t<\/script><script type=\"module\">\n\t\tvar consent=\"grant\";\n\t\t\/* The above code is parsing the JSON data from the local storage and storing it in a variable. *\/\n\t\t\tconst onetrustStorageConsent = JSON.parse(localStorage.getItem( 'consent_one_trust_bdc' ) );\n\t\t\t\/* Checking to see if the user has consented to the use of cookies.\n\t\t\t* If they have not, it is deleting the cookie.\n\t\t\t* This will comment for now, until further notice.\n\t\t\t*\/\n\t\t\t\/\/if ( onetrustStorageConsent.C0002 === false ) {\n\t\t\t\/\/\tdocument.cookie=\"_fbp=;expires=Thu, 01 Jan 2010 00:00:00 UTC; path=\/; domain=.boston.com\";\n\t\t\t\/\/}\n\t\t\t\/* Checking if the user has given consent for the cookie C0002.\n\t\t\t* If the user has given consent, the variable consent will be set to 'grant'.\n\t\t\t* If the user has not given consent,the variable consent will be set to 'revoke'.\n\t\t\t* Documentation https:\/\/developers.facebook.com\/docs\/meta-pixel\/implementation\/gdpr\n\t\t\t*\/\n\t\t\tif ( ( onetrustStorageConsent !== null ) && (onetrustStorageConsent.C0002 !== true ) ) {\n\t\t\t\tconsent=\"revoke\";\n\t\t\t}\n\t\t\t\t!function(f,b,e,v,n,t,s){if(f.fbq)return;n=f.fbq=function()\n\t\t{n.callMethod? n.callMethod.apply(n,arguments):n.queue.push(arguments)}\n\t\t;if(!f._fbq)f._fbq=n;\n\t\tn.push=n;n.loaded=!0;n.version='2.0';n.queue=[];t=b.createElement(e);t.async=!0;\n\t\tt.src=v;s=b.getElementsByTagName(e)[0];s.parentNode.insertBefore(t,s)}(window,\n\t\tdocument,'script','https:\/\/connect.facebook.net\/en_US\/fbevents.js');\n\t\tfbq('consent', consent);\n\t\tfbq('init', '813236348753005');\n\t\tfbq('track', \"PageView\");\n\t<\/script><br \/>\n<br \/><br \/>\n<br \/><a href=\"https:\/\/www.boston.com\/news\/politics\/2024\/11\/08\/massachusetts-governor-maura-healey-state-wont-cooperate-mass-deportations\/\">Source link <\/a><\/p>","protected":false},"excerpt":{"rendered":"<p>Pol\u00edtica A governadora Maura Healey disse que a Pol\u00edcia Estadual n\u00e3o seria usada para deportar migrantes e prometeu usar &#8220;todas as ferramentas da caixa de ferramentas&#8221; para se opor \u00e0&hellip;<\/p>","protected":false},"author":1,"featured_media":56245,"comment_status":"closed","ping_status":"open","sticky":false,"template":"","format":"standard","meta":{"content-type":"","footnotes":""},"categories":[1],"tags":[],"class_list":["post-56244","post","type-post","status-publish","format-standard","has-post-thumbnail","hentry","category-uncategorized"],"_links":{"self":[{"href":"https:\/\/tvbrazilusa.com\/pt\/wp-json\/wp\/v2\/posts\/56244","targetHints":{"allow":["GET"]}}],"collection":[{"href":"https:\/\/tvbrazilusa.com\/pt\/wp-json\/wp\/v2\/posts"}],"about":[{"href":"https:\/\/tvbrazilusa.com\/pt\/wp-json\/wp\/v2\/types\/post"}],"author":[{"embeddable":true,"href":"https:\/\/tvbrazilusa.com\/pt\/wp-json\/wp\/v2\/users\/1"}],"replies":[{"embeddable":true,"href":"https:\/\/tvbrazilusa.com\/pt\/wp-json\/wp\/v2\/comments?post=56244"}],"version-history":[{"count":1,"href":"https:\/\/tvbrazilusa.com\/pt\/wp-json\/wp\/v2\/posts\/56244\/revisions"}],"predecessor-version":[{"id":56246,"href":"https:\/\/tvbrazilusa.com\/pt\/wp-json\/wp\/v2\/posts\/56244\/revisions\/56246"}],"wp:featuredmedia":[{"embeddable":true,"href":"https:\/\/tvbrazilusa.com\/pt\/wp-json\/wp\/v2\/media\/56245"}],"wp:attachment":[{"href":"https:\/\/tvbrazilusa.com\/pt\/wp-json\/wp\/v2\/media?parent=56244"}],"wp:term":[{"taxonomy":"category","embeddable":true,"href":"https:\/\/tvbrazilusa.com\/pt\/wp-json\/wp\/v2\/categories?post=56244"},{"taxonomy":"post_tag","embeddable":true,"href":"https:\/\/tvbrazilusa.com\/pt\/wp-json\/wp\/v2\/tags?post=56244"}],"curies":[{"name":"wp","href":"https:\/\/api.w.org\/{rel}","templated":true}]}}