{"id":56262,"date":"2024-11-08T16:09:27","date_gmt":"2024-11-08T16:09:27","guid":{"rendered":"https:\/\/tvbrazilusa.com\/2024\/11\/08\/professores-de-beverly-e-gloucester-entram-em-greve\/"},"modified":"2024-11-08T16:18:42","modified_gmt":"2024-11-08T16:18:42","slug":"professores-de-beverly-e-gloucester-entram-em-greve","status":"publish","type":"post","link":"https:\/\/tvbrazilusa.com\/pt\/2024\/11\/08\/professores-de-beverly-e-gloucester-entram-em-greve\/","title":{"rendered":"Professores de Beverly e Gloucester entram em greve"},"content":{"rendered":"<p> <script async src=\"https:\/\/pagead2.googlesyndication.com\/pagead\/js\/adsbygoogle.js?client=ca-pub-8864793242727901\"\r\n     crossorigin=\"anonymous\"><\/script><br \/>\n<\/p>\n<div id=\"\">\n<header class=\"m-article-header m-article-header--standard\">\n\t\t\t\t\t\t\t\t\t\t\t\t<span id=\"article-header-primary-term\"><br \/>\n\t\t\t\t\t\t\t\t<a class=\"a-term a-term--primary\" href=\"https:\/\/www.boston.com\/tag\/schools\/\"><\/p>\n<p>\t\t\t\t\t\t\t\tEscolas\t\t\t\t\t\t\t\t<\/a><br \/>\n\t\t\t\t\t\t\t<\/span><\/p>\n<h2 class=\"m-article-header__sub-headline\">As escolas est\u00e3o fechadas em ambas as comunidades de North Shore na sexta-feira.<\/h2>\n<figure class=\"a-photo m-article-header__photo\"><figcaption class=\"a-photo__caption\">\n<p>\tOs professores est\u00e3o em greve na Beverly High School. <em> David L Ryan\/Equipe da Globo <\/em>\t<\/figcaption><\/figure>\n<\/header>\n<p>Professores de duas comunidades de North Shore est\u00e3o em greve na sexta-feira, ap\u00f3s negocia\u00e7\u00f5es contratuais paralisadas \u2013 deixando milhares de estudantes fora da escola. <\/p>\n<p>Na tarde de quinta-feira, membros da Associa\u00e7\u00e3o de Professores de Beverly e do Sindicato dos Educadores de Gloucester votaram pela autoriza\u00e7\u00e3o de greves.<\/p>\n<p>Em confer\u00eancias de imprensa realizadas no final do dia, os sindicatos de ambas as comunidades afirmaram que procuram licen\u00e7a parental remunerada e sal\u00e1rios competitivos para professores e paraprofissionais. <\/p>\n<p>\u201cOs educadores t\u00eam lutado por escolas seguras e com pessoal completo, licen\u00e7a parental remunerada, sal\u00e1rios competitivos e respeito\u201d, disse Rachel Rex, copresidente do Sindicato dos Educadores de Gloucester, num comunicado. \u201cDurante todo o nosso tempo \u00e0 mesa, o Comit\u00e9 Escolar n\u00e3o fez nada al\u00e9m de protelar e rejeitar as nossas propostas. Isto faz com que os educadores se sintam explorados, ignorados e frustrados.\u201d<\/p>\n<p>O Sindicato dos Educadores de Gloucester, representando mais de 400 professores, paraprofissionais, prestadores de servi\u00e7os e outros profissionais de apoio \u00e0 educa\u00e7\u00e3o, votou 98% a favor da greve. <\/p>\n<p>Os professores de Gloucester trabalharam 68 dias sem contrato e os paraprofissionais 496 dias sem contrato. <\/p>\n<p>Uma paraprofissional, Margaret Rudolph, diz que trabalha h\u00e1 18 anos e ganha apenas US$ 25 mil por ano. Como o comit\u00e9 escolar considera o seu trabalho a tempo parcial, incentiva-os a arranjar um segundo emprego para sobreviverem \u2013 o que ela e muitos outros fazem. <\/p>\n<p>Os paraprofissionais com sal\u00e1rios mais baixos em Gloucester ganham pouco mais de US$ 22 mil por ano, e o sindicato est\u00e1 pedindo para aumentar o limite inferior dos sal\u00e1rios para cerca de US$ 37 mil entre 2027 e 2028. <\/p>\n<p>\u201cIsso me custou uma perda intermin\u00e1vel de tempo com a fam\u00edlia, deixando-me mental e fisicamente exausto\u201d, disse Rudolph em um comunicado. \u201cChegamos a um ponto de ruptura e n\u00e3o temos outra escolha sen\u00e3o votar por uma greve.\u201d<\/p>\n<p>Os educadores dizem que esgotaram todas as op\u00e7\u00f5es \u00e0 mesa para fechar um contrato justo.<\/p>\n<p>O sindicato disse que uma de suas principais prioridades, a licen\u00e7a parental remunerada, n\u00e3o viu nenhum movimento. Ao contr\u00e1rio dos trabalhadores do setor privado, os professores de Gloucester n\u00e3o s\u00e3o eleg\u00edveis para licen\u00e7a m\u00e9dica familiar remunerada. O sindicato prop\u00f5e 10,5 semanas de licen\u00e7a parental.<\/p>\n<p>Outras solicita\u00e7\u00f5es incluem tempo adequado de prepara\u00e7\u00e3o das aulas para avaliar as tarefas e entrar em contato com as fam\u00edlias, al\u00e9m de uma comunica\u00e7\u00e3o clara e consistente por parte dos administradores. <\/p>\n<p>O sindicato concordou em negociar 24 horas por dia para evitar perturba\u00e7\u00f5es a longo prazo.<\/p>\n<p>Os educadores de Gloucester eram esperados nos piquetes nas escolas a partir das 8h30. Um com\u00edcio est\u00e1 marcado para as 13h na Prefeitura de Gloucester. <\/p>\n<h2 class=\"wp-block-heading\" id=\"h-beverly-s-teachers-ask-for-similar-contracts\">Os professores de Beverly pedem contratos semelhantes<\/h2>\n<p>Durante uma coletiva de imprensa noturna capturada em<a href=\"https:\/\/fb.watch\/vJUuxLcuiT\/\"> m\u00eddia social<\/a>Julia Brotherton, copresidente do sindicato de educadores de Beverly, disse que a greve ocorreu depois de mais de um ano de negocia\u00e7\u00f5es que n\u00e3o levaram a lugar nenhum. <\/p>\n<p>\u201cNenhum de n\u00f3s quer fazer isso, mas neste momento n\u00e3o temos escolha\u201d, disse Brotherton. \u201cEste \u00e9 o \u00faltimo recurso. N\u00e3o queremos nada mais do que retornar \u00e0s nossas salas de aula o mais r\u00e1pido poss\u00edvel.\u201d <\/p>\n<p>\u201cA cidade precisa mostrar algum movimento s\u00e9rio\u201d, acrescentou ela. \u201cPrecisamos de contratos justos agora.\u201d<\/p>\n<p>Num comunicado, Rachael Abell, presidente do Comit\u00e9 Escolar de Beverly, disse que as autoridades esperam que os ataques cheguem a uma \u201cconclus\u00e3o r\u00e1pida\u201d. <\/p>\n<p>Abell disse que o comit\u00ea escolar apresentou uma peti\u00e7\u00e3o ao Departamento de Rela\u00e7\u00f5es Trabalhistas para permitir o in\u00edcio da media\u00e7\u00e3o e continua a negociar de boa f\u00e9. <\/p>\n<p>\u201cQueremos deixar claro que o Comit\u00ea Escolar n\u00e3o tolera as a\u00e7\u00f5es ilegais da BTA\u201d, disse Abell. \u201cTrabalharemos com as autoridades estaduais para minimizar as interrup\u00e7\u00f5es na educa\u00e7\u00e3o de nossos alunos e instamos todos os professores e funcion\u00e1rios a retornarem \u00e0 escola.\u201d<\/p>\n<p>Abell disse que a Beverly High School oferecer\u00e1 lanches para os alunos entre 10h30 e 12h30. Atletismo, ensaios de teatro e banda e excurs\u00f5es tamb\u00e9m continuar\u00e3o durante esse per\u00edodo, desde que um treinador ou conselheiro esteja presente. <\/p>\n<p>A governadora Maura Healey disse na sexta-feira em um evento n\u00e3o relacionado na esta\u00e7\u00e3o Haymarket: \u201cIsso \u00e9 muito dif\u00edcil para os alunos e muito dif\u00edcil para os pais\u201d. <\/p>\n<p>Ela disse que seu escrit\u00f3rio entrou em contato com ambos os lados para incentiv\u00e1-los a resolver o problema o mais r\u00e1pido poss\u00edvel para que os alunos possam retornar \u00e0 escola.<\/p>\n<p>As greves dos professores s\u00e3o as primeiras no estado desde <a href=\"https:\/\/www.boston.com\/news\/local-news\/2024\/02\/03\/newton-teachers-reach-tentative-agreement-after-11-day-strike\/\">Professores de Newton entraram em greve<\/a> por mais de duas semanas no inverno passado. <\/p>\n<p>Apesar de ser <a href=\"https:\/\/malegislature.gov\/Laws\/GeneralLaws\/PartI\/TitleXXI\/Chapter150E\/Section9A\">ilegal<\/a>n\u00e3o impediu os sindicatos de professores em comunidades como <a href=\"https:\/\/www.boston.com\/news\/schools\/2022\/05\/15\/brookline-schools-closed-teacher-strike-monday-may-16\/\">Brooklin<\/a>, <a href=\"https:\/\/www.boston.com\/news\/local-news\/2023\/11\/14\/teachers-strike-ends-in-andover-as-school-committee-union-reach-agreement\/\">E mais<\/a>, <a href=\"https:\/\/www.boston.com\/news\/schools\/2022\/10\/20\/haverhill-teacher-strike-ends\/\">Haverhill,<\/a> e <a href=\"https:\/\/www.boston.com\/news\/schools\/2022\/10\/17\/teachers-malden-haverhill-strike-monday-court-orders-work\/\">Malden<\/a> de participar de piquetes nos \u00faltimos anos. Desde as greves de Newton, que renderam centenas de milhares de d\u00f3lares em multas, alguns legisladores est\u00e3o <a href=\"https:\/\/www.boston.com\/news\/local-news\/2024\/01\/25\/it-is-illegal-for-teachers-to-strike-in-mass-whats-the-argument-for-changing-the-law\/\">pressionando para legalizar <\/a>futuras greves sob a lei estadual. <\/p>\n<h2 class=\"wp-block-heading\" id=\"h-marblehead-joins-in-on-negotiations\">Marblehead participa das negocia\u00e7\u00f5es<\/h2>\n<p>Outra comunidade de North Shore tamb\u00e9m est\u00e1 na mesa de negocia\u00e7\u00f5es.<\/p>\n<p>A Marblehead Education Association realizar\u00e1 uma confer\u00eancia de imprensa na sexta-feira \u00e0 tarde, ap\u00f3s uma reuni\u00e3o geral de emerg\u00eancia de membros. <\/p>\n<p>O contrato do sindicato com o Comit\u00ea Escolar de Marblehead expirou h\u00e1 dois meses, e o sindicato est\u00e1 negociando com os membros do comit\u00ea escolar e o administrador municipal desde o ano passado. Atrav\u00e9s de um advogado contratado, o sindicato concordou em utilizar um mediador estatal para continuar a negocia\u00e7\u00e3o.<\/p>\n<p>\u201cO MEA tem sido claro nos seus objetivos de negocia\u00e7\u00e3o: sal\u00e1rios justos para todos os educadores; acesso a licen\u00e7a familiar remunerada moderna; condi\u00e7\u00f5es seguras de aprendizagem e de trabalho para estudantes e funcion\u00e1rios; e intervalos adequados para o intervalo e almo\u00e7o dos alunos do ensino fundamental\u201d, afirmou o sindicato em comunicado. <\/p>\n<p>\u201cA equipe de negocia\u00e7\u00e3o do Comit\u00ea Escolar n\u00e3o tem sido transparente nas suas negocia\u00e7\u00f5es com o sindicato ou nas suas comunica\u00e7\u00f5es com a cidade\u201d, continuou o sindicato. \u201cPrecisamos de um caminho a seguir para fechar um contrato justo agora.\u201d <\/p>\n<div class=\"m-block m-generic-cta\t m-generic-cta--post-content\t m-generic-cta--dark\t m-generic-cta--homepage\t m-generic-cta--email-signup\t\t m-generic-cta-block-style--default \tt-amp__generic-cta\"><\/p>\n<div class=\"m-generic-cta__wrap\">\n<div class=\"m-generic-cta__content\">\n<h3 class=\"m-generic-cta__title\">Boston.com hoje<\/h3>\n<p class=\"m-generic-cta__subtitle\">Inscreva-se para receber as \u00faltimas manchetes em sua caixa de entrada todas as manh\u00e3s.<\/p>\n<\/p><\/div>\n<\/p><\/div>\n<\/div>\n<div class=\"o-author-single has-avatar\">\n<header class=\"m-author-card\">\n<div class=\"a-image a-image--square m-author-card__image\">\n\t\t<img decoding=\"async\" class=\"\" src=\"https:\/\/www.boston.com\/wp-content\/uploads\/2024\/05\/cropped-Beth_Treffeisen_005-3-6658d40786aac-6658d41b5c40b.jpg\" alt=\"Imagem do perfil de Beth Treffeisen\"\/>\t<\/div>\n<\/header>\n<section class=\"author-info\">\n<hr class=\"m-author__section--hr\"\/>\n<div class=\"m-author__section\">\n<p>Beth Treffeisen \u00e9 rep\u00f3rter geral do Boston.com, com foco em not\u00edcias locais, crimes e neg\u00f3cios na regi\u00e3o da Nova Inglaterra.<\/p>\n<\/div>\n<hr class=\"m-author__section--hr\"\/>\t<\/section>\n<\/div><\/div>\n<p><script>\n\t\tvar consent=\"grant\";\n\t\t\/* The above code is parsing the JSON data from the local storage and storing it in a variable. *\/\n\t\t\t\t\tconst onetrustStorageConsent = JSON.parse(localStorage.getItem( 'consent_one_trust_bdc' ) );\n\t\t\tif ( ( onetrustStorageConsent !== null ) ) {\n\t\t\t\t\/* Checking to see if the user has consented to the use of cookies.\n\t\t\t\t* If they have not, it is deleting the cookie.\n\t\t\t\t* This will comment for now, until further notice.\n\t\t\t\t*\/\n\t\t\t\t\/\/if ( onetrustStorageConsent.C0002 === false ) {\n\t\t\t\t\/\/\tdocument.cookie=\"_fbp=;expires=Thu, 01 Jan 2010 00:00:00 UTC; path=\/; domain=.boston.com\";\n\t\t\t\t\/\/}\n\t\t\t\t\/* Checking if the user has given consent for the cookie C0002.\n\t\t\t\t* If the user has given consent, the variable consent will be set to 'grant'.\n\t\t\t\t* If the user has not given consent,the variable consent will be set to 'revoke'.\n\t\t\t\t* Documentation https:\/\/developers.facebook.com\/docs\/meta-pixel\/implementation\/gdpr\n\t\t\t\t*\/\n\t\t\t\tif ( onetrustStorageConsent.C0002 !== true ) {\n\t\t\t\t\tconsent=\"revoke\";\n\t\t\t\t}\n\t\t\t}\n\t\t\t\t!function(f,b,e,v,n,t,s)\n\t\t{if(f.fbq)return;n=f.fbq=function(){n.callMethod?\n\t\tn.callMethod.apply(n,arguments):n.queue.push(arguments)};\n\t\tif(!f._fbq)f._fbq=n;n.push=n;n.loaded=!0;n.version='2.0';\n\t\tn.queue=[];t=b.createElement(e);t.async=!0;\n\t\tt.src=v;s=b.getElementsByTagName(e)[0];\n\t\ts.parentNode.insertBefore(t,s)}(window, document,'script',\n\t\t'https:\/\/connect.facebook.net\/en_US\/fbevents.js');\n\t\tfbq('consent', consent);\n\t\tfbq('init', '989222871864976');\n\t\tfbq('track', 'PageView');\n\t<\/script><script type=\"module\">\n\t\tvar consent=\"grant\";\n\t\t\/* The above code is parsing the JSON data from the local storage and storing it in a variable. *\/\n\t\t\tconst onetrustStorageConsent = JSON.parse(localStorage.getItem( 'consent_one_trust_bdc' ) );\n\t\t\t\/* Checking to see if the user has consented to the use of cookies.\n\t\t\t* If they have not, it is deleting the cookie.\n\t\t\t* This will comment for now, until further notice.\n\t\t\t*\/\n\t\t\t\/\/if ( onetrustStorageConsent.C0002 === false ) {\n\t\t\t\/\/\tdocument.cookie=\"_fbp=;expires=Thu, 01 Jan 2010 00:00:00 UTC; path=\/; domain=.boston.com\";\n\t\t\t\/\/}\n\t\t\t\/* Checking if the user has given consent for the cookie C0002.\n\t\t\t* If the user has given consent, the variable consent will be set to 'grant'.\n\t\t\t* If the user has not given consent,the variable consent will be set to 'revoke'.\n\t\t\t* Documentation https:\/\/developers.facebook.com\/docs\/meta-pixel\/implementation\/gdpr\n\t\t\t*\/\n\t\t\tif ( ( onetrustStorageConsent !== null ) && (onetrustStorageConsent.C0002 !== true ) ) {\n\t\t\t\tconsent=\"revoke\";\n\t\t\t}\n\t\t\t\t!function(f,b,e,v,n,t,s){if(f.fbq)return;n=f.fbq=function()\n\t\t{n.callMethod? n.callMethod.apply(n,arguments):n.queue.push(arguments)}\n\t\t;if(!f._fbq)f._fbq=n;\n\t\tn.push=n;n.loaded=!0;n.version='2.0';n.queue=[];t=b.createElement(e);t.async=!0;\n\t\tt.src=v;s=b.getElementsByTagName(e)[0];s.parentNode.insertBefore(t,s)}(window,\n\t\tdocument,'script','https:\/\/connect.facebook.net\/en_US\/fbevents.js');\n\t\tfbq('consent', consent);\n\t\tfbq('init', '813236348753005');\n\t\tfbq('track', \"PageView\");\n\t<\/script><br \/>\n<br \/><br \/>\n<br \/><a href=\"https:\/\/www.boston.com\/news\/schools\/2024\/11\/08\/beverly-gloucester-teachers-go-on-strike\/\">Source link <\/a><\/p>","protected":false},"excerpt":{"rendered":"<p>Escolas As escolas est\u00e3o fechadas em ambas as comunidades de North Shore na sexta-feira. Os professores est\u00e3o em greve na Beverly High School. David L Ryan\/Equipe da Globo Professores de&hellip;<\/p>","protected":false},"author":1,"featured_media":56263,"comment_status":"closed","ping_status":"open","sticky":false,"template":"","format":"standard","meta":{"content-type":"","footnotes":""},"categories":[1],"tags":[],"class_list":["post-56262","post","type-post","status-publish","format-standard","has-post-thumbnail","hentry","category-uncategorized"],"_links":{"self":[{"href":"https:\/\/tvbrazilusa.com\/pt\/wp-json\/wp\/v2\/posts\/56262","targetHints":{"allow":["GET"]}}],"collection":[{"href":"https:\/\/tvbrazilusa.com\/pt\/wp-json\/wp\/v2\/posts"}],"about":[{"href":"https:\/\/tvbrazilusa.com\/pt\/wp-json\/wp\/v2\/types\/post"}],"author":[{"embeddable":true,"href":"https:\/\/tvbrazilusa.com\/pt\/wp-json\/wp\/v2\/users\/1"}],"replies":[{"embeddable":true,"href":"https:\/\/tvbrazilusa.com\/pt\/wp-json\/wp\/v2\/comments?post=56262"}],"version-history":[{"count":1,"href":"https:\/\/tvbrazilusa.com\/pt\/wp-json\/wp\/v2\/posts\/56262\/revisions"}],"predecessor-version":[{"id":56264,"href":"https:\/\/tvbrazilusa.com\/pt\/wp-json\/wp\/v2\/posts\/56262\/revisions\/56264"}],"wp:featuredmedia":[{"embeddable":true,"href":"https:\/\/tvbrazilusa.com\/pt\/wp-json\/wp\/v2\/media\/56263"}],"wp:attachment":[{"href":"https:\/\/tvbrazilusa.com\/pt\/wp-json\/wp\/v2\/media?parent=56262"}],"wp:term":[{"taxonomy":"category","embeddable":true,"href":"https:\/\/tvbrazilusa.com\/pt\/wp-json\/wp\/v2\/categories?post=56262"},{"taxonomy":"post_tag","embeddable":true,"href":"https:\/\/tvbrazilusa.com\/pt\/wp-json\/wp\/v2\/tags?post=56262"}],"curies":[{"name":"wp","href":"https:\/\/api.w.org\/{rel}","templated":true}]}}